{"id":47448,"date":"2025-01-08T00:02:06","date_gmt":"2025-01-08T06:02:06","guid":{"rendered":"https:\/\/noticiasveracruz.com\/?p=47448"},"modified":"2025-01-07T22:36:52","modified_gmt":"2025-01-08T04:36:52","slug":"inician-hoy-foros-de-participacion-ciudadana","status":"publish","type":"post","link":"https:\/\/noticiasveracruz.com\/index.php\/2025\/01\/08\/inician-hoy-foros-de-participacion-ciudadana\/","title":{"rendered":"Inician hoy Foros de   Participaci\u00f3n Ciudadana"},"content":{"rendered":"<p>Con en el tema Bienestar Social, este mi\u00e9rcoles inician, en Orizaba, los foros regionales de Participaci\u00f3n Ciudadana, cuyo prop\u00f3sito es recabar propuestas para la elaboraci\u00f3n del Plan Veracruzano de Desarrollo 2025-2030.<\/p>\n<p>Este primer ejercicio permitir\u00e1 conocer de cerca las problem\u00e1ticas que enfrenta la poblaci\u00f3n y orientar las pol\u00edticas p\u00fablicas hacia soluciones efectivas que marcar\u00e1n el rumbo del estado, durante la administraci\u00f3n de la gobernadora Roc\u00edo Nahle Garc\u00eda.<\/p>\n<p>Tendr\u00e1 lugar en el Poliforum Mier y Pesado a las 09:30 horas, coordinado por la Oficina de la Gobernadora (Ofigob) y las secretar\u00edas de Finanzas y Planeaci\u00f3n, Desarrollo Social, Salud, Educaci\u00f3n y Cultura.<\/p>\n<p>Los foros est\u00e1n estructurados en los bloques: Bienestar Social, Econom\u00eda con Sustentabilidad, Comunicaci\u00f3n y Obra Eficiente, y Gobierno con Seguridad e incluir\u00e1n los ejes transversales: Administraci\u00f3n Eficiente y Digital, y Participaci\u00f3n e Inclusi\u00f3n Ciudadana.<\/p>\n<p>Subsecuentemente, analizar\u00e1n temas relacionados con econom\u00eda, sustentabilidad, infraestructura p\u00fablica, seguridad, y las nuevas din\u00e1micas de inclusi\u00f3n social y digitalizaci\u00f3n.<\/p>\n<p>Para seguir de cerca las propuestas, cada evento ser\u00e1 transmitido en las redes oficiales del Gobierno del Estado en YouTube @GobVeracruz y Facebook @GobiernoDeVeracruz, permitiendo el acceso a todas y todos.<\/p>\n","protected":false},"excerpt":{"rendered":"<p>Con en el tema Bienestar Social, este mi\u00e9rcoles inician, en Orizaba, los foros regionales de Participaci\u00f3n Ciudadana, cuyo prop\u00f3sito es<\/p>\n","protected":false},"author":4,"featured_media":47449,"comment_status":"closed","ping_status":"closed","sticky":false,"template":"","format":"standard","meta":{"colormag_page_container_layout":"default_layout","colormag_page_sidebar_layout":"default_layout","_jetpack_memberships_contains_paid_content":false,"footnotes":"","jetpack_publicize_message":"","jetpack_publicize_feature_enabled":true,"jetpack_social_post_already_shared":true,"jetpack_social_options":{"image_generator_settings":{"template":"highway","default_image_id":0,"font":"","enabled":false},"version":2}},"categories":[356],"tags":[],"class_list":["post-47448","post","type-post","status-publish","format-standard","has-post-thumbnail","hentry","category-veracruz"],"jetpack_publicize_connections":[],"jetpack_featured_media_url":"https:\/\/noticiasveracruz.com\/wp-content\/uploads\/2025\/01\/9a-3.jpg","jetpack_sharing_enabled":true,"publishpress_future_action":{"enabled":false,"date":"2026-05-08 13:26:26","action":"change-status","newStatus":"draft","terms":[],"taxonomy":"category","extraData":[]},"publishpress_future_workflow_manual_trigger":{"enabledWorkflows":[]},"_links":{"self":[{"href":"https:\/\/noticiasveracruz.com\/index.php\/wp-json\/wp\/v2\/posts\/47448","targetHints":{"allow":["GET"]}}],"collection":[{"href":"https:\/\/noticiasveracruz.com\/index.php\/wp-json\/wp\/v2\/posts"}],"about":[{"href":"https:\/\/noticiasveracruz.com\/index.php\/wp-json\/wp\/v2\/types\/post"}],"author":[{"embeddable":true,"href":"https:\/\/noticiasveracruz.com\/index.php\/wp-json\/wp\/v2\/users\/4"}],"replies":[{"embeddable":true,"href":"https:\/\/noticiasveracruz.com\/index.php\/wp-json\/wp\/v2\/comments?post=47448"}],"version-history":[{"count":0,"href":"https:\/\/noticiasveracruz.com\/index.php\/wp-json\/wp\/v2\/posts\/47448\/revisions"}],"wp:featuredmedia":[{"embeddable":true,"href":"https:\/\/noticiasveracruz.com\/index.php\/wp-json\/wp\/v2\/media\/47449"}],"wp:attachment":[{"href":"https:\/\/noticiasveracruz.com\/index.php\/wp-json\/wp\/v2\/media?parent=47448"}],"wp:term":[{"taxonomy":"category","embeddable":true,"href":"https:\/\/noticiasveracruz.com\/index.php\/wp-json\/wp\/v2\/categories?post=47448"},{"taxonomy":"post_tag","embeddable":true,"href":"https:\/\/noticiasveracruz.com\/index.php\/wp-json\/wp\/v2\/tags?post=47448"}],"curies":[{"name":"wp","href":"https:\/\/api.w.org\/{rel}","templated":true}]}}