{"id":47445,"date":"2025-01-08T00:01:55","date_gmt":"2025-01-08T06:01:55","guid":{"rendered":"https:\/\/noticiasveracruz.com\/?p=47445"},"modified":"2025-01-07T22:35:53","modified_gmt":"2025-01-08T04:35:53","slug":"prevalece-dialogo-con-sindicatos-educativos","status":"publish","type":"post","link":"https:\/\/noticiasveracruz.com\/index.php\/2025\/01\/08\/prevalece-dialogo-con-sindicatos-educativos\/","title":{"rendered":"Prevalece di\u00e1logo con sindicatos educativos"},"content":{"rendered":"<p>La Secretar\u00eda de Educaci\u00f3n de Veracruz ha tenido acercamientos con los 57 sindicatos del sector, con quienes se trabajar\u00e1 de la mano y conforme a la ley, para evitar situaciones que entorpezcan el quehacer educativo.<\/p>\n<p>La dependencia mantendr\u00e1 las puertas abiertas al di\u00e1logo, garantizando el cumplimiento de los derechos laborales, adem\u00e1s de cubrir, por orden de prelaci\u00f3n, los espacios que dejen los docentes jubilados.<\/p>\n<p>De manera paralela, se implementar\u00e1 el programa Maestro al Aula para dar cumplimiento a las actividades asignadas y asegurar la reincorporaci\u00f3n a las aulas de quienes cuenten con plaza docente y realicen labores administrativas, adem\u00e1s de ejercer una estrecha vigilancia para evitar la contrataci\u00f3n de aviadores.<\/p>\n<p>La titular de la SEV, Claudia Tello Espinosa, encabez\u00f3 el Lunes C\u00edvico y entreg\u00f3 juguetes a los hijos de trabajadores; cort\u00f3 la tradicional rosca en la explanada de las oficinas centrales, acompa\u00f1ada por los Reyes Magos y servidores p\u00fablicos.<\/p>\n","protected":false},"excerpt":{"rendered":"<p>La Secretar\u00eda de Educaci\u00f3n de Veracruz ha tenido acercamientos con los 57 sindicatos del sector, con quienes se trabajar\u00e1 de<\/p>\n","protected":false},"author":4,"featured_media":47446,"comment_status":"closed","ping_status":"closed","sticky":false,"template":"","format":"standard","meta":{"colormag_page_container_layout":"default_layout","colormag_page_sidebar_layout":"default_layout","_jetpack_memberships_contains_paid_content":false,"footnotes":"","jetpack_publicize_message":"","jetpack_publicize_feature_enabled":true,"jetpack_social_post_already_shared":true,"jetpack_social_options":{"image_generator_settings":{"template":"highway","default_image_id":0,"font":"","enabled":false},"version":2}},"categories":[356],"tags":[],"class_list":["post-47445","post","type-post","status-publish","format-standard","has-post-thumbnail","hentry","category-veracruz"],"jetpack_publicize_connections":[],"jetpack_featured_media_url":"https:\/\/noticiasveracruz.com\/wp-content\/uploads\/2025\/01\/9b-2.jpg","jetpack_sharing_enabled":true,"publishpress_future_action":{"enabled":false,"date":"2026-05-10 04:00:06","action":"change-status","newStatus":"draft","terms":[],"taxonomy":"category","extraData":[]},"publishpress_future_workflow_manual_trigger":{"enabledWorkflows":[]},"_links":{"self":[{"href":"https:\/\/noticiasveracruz.com\/index.php\/wp-json\/wp\/v2\/posts\/47445","targetHints":{"allow":["GET"]}}],"collection":[{"href":"https:\/\/noticiasveracruz.com\/index.php\/wp-json\/wp\/v2\/posts"}],"about":[{"href":"https:\/\/noticiasveracruz.com\/index.php\/wp-json\/wp\/v2\/types\/post"}],"author":[{"embeddable":true,"href":"https:\/\/noticiasveracruz.com\/index.php\/wp-json\/wp\/v2\/users\/4"}],"replies":[{"embeddable":true,"href":"https:\/\/noticiasveracruz.com\/index.php\/wp-json\/wp\/v2\/comments?post=47445"}],"version-history":[{"count":0,"href":"https:\/\/noticiasveracruz.com\/index.php\/wp-json\/wp\/v2\/posts\/47445\/revisions"}],"wp:featuredmedia":[{"embeddable":true,"href":"https:\/\/noticiasveracruz.com\/index.php\/wp-json\/wp\/v2\/media\/47446"}],"wp:attachment":[{"href":"https:\/\/noticiasveracruz.com\/index.php\/wp-json\/wp\/v2\/media?parent=47445"}],"wp:term":[{"taxonomy":"category","embeddable":true,"href":"https:\/\/noticiasveracruz.com\/index.php\/wp-json\/wp\/v2\/categories?post=47445"},{"taxonomy":"post_tag","embeddable":true,"href":"https:\/\/noticiasveracruz.com\/index.php\/wp-json\/wp\/v2\/tags?post=47445"}],"curies":[{"name":"wp","href":"https:\/\/api.w.org\/{rel}","templated":true}]}}