{"id":47441,"date":"2025-01-07T15:37:18","date_gmt":"2025-01-07T21:37:18","guid":{"rendered":"https:\/\/noticiasveracruz.com\/?p=47441"},"modified":"2025-01-07T15:37:18","modified_gmt":"2025-01-07T21:37:18","slug":"el-10-de-enero-inicia-la-campana-eco-navidad-para-reciclar-tu-arbol","status":"publish","type":"post","link":"https:\/\/noticiasveracruz.com\/index.php\/2025\/01\/07\/el-10-de-enero-inicia-la-campana-eco-navidad-para-reciclar-tu-arbol\/","title":{"rendered":"El 10 de enero inicia la campa\u00f1a Eco Navidad, para reciclar tu \u00e1rbol"},"content":{"rendered":"<p>\u2022 Se instalar\u00e1n 5 centros de acopio en la ciudad<\/p>\n<p>Tuxpan, Ver., 07 de enero de 2025.- La Secretar\u00eda de Medio Ambiente del estado de Veracruz (SEDEMA) y la Coordinaci\u00f3n de Medio Ambiente del Gobierno de Tuxpan te invitan a participar en la campa\u00f1a Eco Navidad, que se llevar\u00e1 a cabo del 10 de enero al 28 de febrero del presente a\u00f1o.<\/p>\n<p>Por medio de esta iniciativa se dar\u00e1 un tratamiento correcto a los arbolitos de Navidad que se ocuparon en la temporada decembrina, para que sean reciclados y reutilizados; con lo recolectado se elaborar\u00e1n cercas para jardineras y se producir\u00e1 composta.<\/p>\n<p>Adem\u00e1s, estas acciones contribuyen a prevenir la proliferaci\u00f3n de fauna nociva en zonas urbanas y reducir el volumen de residuos en los rellenos sanitarios, fortaleciendo la protecci\u00f3n al entorno natural.<\/p>\n<p><img loading=\"lazy\" decoding=\"async\" class=\"alignnone size-medium wp-image-47442\" src=\"http:\/\/noticiasveracruz.com\/wp-content\/uploads\/2025\/01\/WhatsApp-Image-2025-01-07-at-14.15.29-205x300.jpeg\" alt=\"\" width=\"205\" height=\"300\" srcset=\"https:\/\/noticiasveracruz.com\/wp-content\/uploads\/2025\/01\/WhatsApp-Image-2025-01-07-at-14.15.29-205x300.jpeg 205w, https:\/\/noticiasveracruz.com\/wp-content\/uploads\/2025\/01\/WhatsApp-Image-2025-01-07-at-14.15.29-701x1024.jpeg 701w, https:\/\/noticiasveracruz.com\/wp-content\/uploads\/2025\/01\/WhatsApp-Image-2025-01-07-at-14.15.29-768x1122.jpeg 768w, https:\/\/noticiasveracruz.com\/wp-content\/uploads\/2025\/01\/WhatsApp-Image-2025-01-07-at-14.15.29.jpeg 770w\" sizes=\"auto, (max-width: 205px) 100vw, 205px\" \/><\/p>\n<p>En Tuxpan ser\u00e1n 5 los centros de acopio donde las y los interesados pueden llevar sus pinos, en horario de 10:00 de la ma\u00f1ana a 6:00 de la tarde de lunes a domingo, estar\u00e1n ubicados en:<\/p>\n<p>\u2022 Campo de futbol Mario Prichi &#8211; Calle Galeana 72, Col. Azteca.<br \/>\n\u2022 Campo Ruiz Cortines &#8211; Av. Cuauht\u00e9moc 10, Col. Adolfo Ruiz Cortines.<br \/>\n\u2022 Fraccionamiento Cabo Alto<br \/>\n\u2022 Fraccionamiento Cabo Rojo<br \/>\n\u2022 Fraccionamiento Petr\u00f3polis<\/p>\n<p>Para m\u00e1s informaci\u00f3n comun\u00edcate a las oficinas de la Coordinaci\u00f3n de Medio Ambiente, tel\u00e9fono: 783 834 5361.<\/p>\n","protected":false},"excerpt":{"rendered":"<p>\u2022 Se instalar\u00e1n 5 centros de acopio en la ciudad Tuxpan, Ver., 07 de enero de 2025.- La Secretar\u00eda de<\/p>\n","protected":false},"author":4,"featured_media":47443,"comment_status":"closed","ping_status":"closed","sticky":false,"template":"","format":"standard","meta":{"colormag_page_container_layout":"default_layout","colormag_page_sidebar_layout":"default_layout","_jetpack_memberships_contains_paid_content":false,"footnotes":"","jetpack_publicize_message":"","jetpack_publicize_feature_enabled":true,"jetpack_social_post_already_shared":true,"jetpack_social_options":{"image_generator_settings":{"template":"highway","default_image_id":0,"font":"","enabled":false},"version":2}},"categories":[3372,356],"tags":[],"class_list":["post-47441","post","type-post","status-publish","format-standard","has-post-thumbnail","hentry","category-gobierno-tuxpan","category-veracruz"],"jetpack_publicize_connections":[],"jetpack_featured_media_url":"https:\/\/noticiasveracruz.com\/wp-content\/uploads\/2025\/01\/IMAGEN-DEST.jpg","jetpack_sharing_enabled":true,"publishpress_future_action":{"enabled":false,"date":"2026-05-08 07:04:57","action":"change-status","newStatus":"draft","terms":[],"taxonomy":"category","extraData":[]},"publishpress_future_workflow_manual_trigger":{"enabledWorkflows":[]},"_links":{"self":[{"href":"https:\/\/noticiasveracruz.com\/index.php\/wp-json\/wp\/v2\/posts\/47441","targetHints":{"allow":["GET"]}}],"collection":[{"href":"https:\/\/noticiasveracruz.com\/index.php\/wp-json\/wp\/v2\/posts"}],"about":[{"href":"https:\/\/noticiasveracruz.com\/index.php\/wp-json\/wp\/v2\/types\/post"}],"author":[{"embeddable":true,"href":"https:\/\/noticiasveracruz.com\/index.php\/wp-json\/wp\/v2\/users\/4"}],"replies":[{"embeddable":true,"href":"https:\/\/noticiasveracruz.com\/index.php\/wp-json\/wp\/v2\/comments?post=47441"}],"version-history":[{"count":0,"href":"https:\/\/noticiasveracruz.com\/index.php\/wp-json\/wp\/v2\/posts\/47441\/revisions"}],"wp:featuredmedia":[{"embeddable":true,"href":"https:\/\/noticiasveracruz.com\/index.php\/wp-json\/wp\/v2\/media\/47443"}],"wp:attachment":[{"href":"https:\/\/noticiasveracruz.com\/index.php\/wp-json\/wp\/v2\/media?parent=47441"}],"wp:term":[{"taxonomy":"category","embeddable":true,"href":"https:\/\/noticiasveracruz.com\/index.php\/wp-json\/wp\/v2\/categories?post=47441"},{"taxonomy":"post_tag","embeddable":true,"href":"https:\/\/noticiasveracruz.com\/index.php\/wp-json\/wp\/v2\/tags?post=47441"}],"curies":[{"name":"wp","href":"https:\/\/api.w.org\/{rel}","templated":true}]}}