{"id":47390,"date":"2025-01-07T00:07:35","date_gmt":"2025-01-07T06:07:35","guid":{"rendered":"https:\/\/noticiasveracruz.com\/?p=47390"},"modified":"2025-01-06T22:17:23","modified_gmt":"2025-01-07T04:17:23","slug":"pemex-contribuye-al-crecimiento-economico-del-pais-icela-rodriguez","status":"publish","type":"post","link":"https:\/\/noticiasveracruz.com\/index.php\/2025\/01\/07\/pemex-contribuye-al-crecimiento-economico-del-pais-icela-rodriguez\/","title":{"rendered":"Pemex contribuye al crecimiento econ\u00f3mico del pa\u00eds: Icela Rodr\u00edguez"},"content":{"rendered":"<p>La labor que realizan los trabajadores de Petr\u00f3leos Mexicanos (Pemex), contribuye al desarrollo y crecimiento econ\u00f3mico del pa\u00eds, afirm\u00f3 Rosa Icela Rodr\u00edguez, secretaria de Gobernaci\u00f3n.<\/p>\n<p>Asegur\u00f3 que durante la actual administraci\u00f3n, la empresa paraestatal continuar\u00e1 con su fortalecimiento y el aumento en su productividad.<\/p>\n<p>La funcionaria asisti\u00f3 esta ma\u00f1ana a la toma de protesta del Consejo Ejecutivo General del Sindicato de Trabajadores Petroleros de la Rep\u00fablica Mexicana (STPRM), el cual continuar\u00e1 con Ricardo Aldana a la cabeza para un nuevo periodo de seis a\u00f1os (2025-2030).<\/p>\n<p>Ah\u00ed, la responsable de la pol\u00edtica interna nacional, destac\u00f3 la importancia de este gremio por su tama\u00f1o, con m\u00e1s de 90 mil afiliados, la mayor\u00eda de los cuales particip\u00f3 en la elecci\u00f3n efectuada el pasado mes de octubre y en el cual qued\u00f3 constancia de \u201cla democracia sindical\u201d que existen en este organismo.<\/p>\n<p>Por primera vez, los empleados participaron en un proceso electoral mediante el voto, libre, personal y secreto.<\/p>\n<p>En su turno, Aldana expres\u00f3 el respaldo del sindicato petrolero al proyecto energ\u00e9tico del gobierno federal y plante\u00f3 que su proyecto de trabajo se integra con cuatro ejes: defender el contrato colectivo de trabajo, promover el desarrollo integral de los trabajadores petroleros, incrementar la productividad laboral e impulsar un nuevo modelo de gesti\u00f3n de la secretar\u00eda general a su cargo.<\/p>\n<p>Resalt\u00f3 que los trabajadores han contribuido a la trascendencia de Pemex y lo seguir\u00e1 haciendo a fin de que la empresa logre superar la crisis por la que atraviesa.<\/p>\n","protected":false},"excerpt":{"rendered":"<p>La labor que realizan los trabajadores de Petr\u00f3leos Mexicanos (Pemex), contribuye al desarrollo y crecimiento econ\u00f3mico del pa\u00eds, afirm\u00f3 Rosa<\/p>\n","protected":false},"author":4,"featured_media":47391,"comment_status":"closed","ping_status":"closed","sticky":false,"template":"","format":"standard","meta":{"colormag_page_container_layout":"default_layout","colormag_page_sidebar_layout":"default_layout","_jetpack_memberships_contains_paid_content":false,"footnotes":"","jetpack_publicize_message":"","jetpack_publicize_feature_enabled":true,"jetpack_social_post_already_shared":true,"jetpack_social_options":{"image_generator_settings":{"template":"highway","default_image_id":0,"font":"","enabled":false},"version":2}},"categories":[4],"tags":[],"class_list":["post-47390","post","type-post","status-publish","format-standard","has-post-thumbnail","hentry","category-nacional"],"jetpack_publicize_connections":[],"jetpack_featured_media_url":"https:\/\/noticiasveracruz.com\/wp-content\/uploads\/2025\/01\/472312636_577304035086918_8600073004921713089_n.jpg","jetpack_sharing_enabled":true,"publishpress_future_action":{"enabled":false,"date":"2026-05-10 09:42:47","action":"change-status","newStatus":"draft","terms":[],"taxonomy":"category","extraData":[]},"publishpress_future_workflow_manual_trigger":{"enabledWorkflows":[]},"_links":{"self":[{"href":"https:\/\/noticiasveracruz.com\/index.php\/wp-json\/wp\/v2\/posts\/47390","targetHints":{"allow":["GET"]}}],"collection":[{"href":"https:\/\/noticiasveracruz.com\/index.php\/wp-json\/wp\/v2\/posts"}],"about":[{"href":"https:\/\/noticiasveracruz.com\/index.php\/wp-json\/wp\/v2\/types\/post"}],"author":[{"embeddable":true,"href":"https:\/\/noticiasveracruz.com\/index.php\/wp-json\/wp\/v2\/users\/4"}],"replies":[{"embeddable":true,"href":"https:\/\/noticiasveracruz.com\/index.php\/wp-json\/wp\/v2\/comments?post=47390"}],"version-history":[{"count":0,"href":"https:\/\/noticiasveracruz.com\/index.php\/wp-json\/wp\/v2\/posts\/47390\/revisions"}],"wp:featuredmedia":[{"embeddable":true,"href":"https:\/\/noticiasveracruz.com\/index.php\/wp-json\/wp\/v2\/media\/47391"}],"wp:attachment":[{"href":"https:\/\/noticiasveracruz.com\/index.php\/wp-json\/wp\/v2\/media?parent=47390"}],"wp:term":[{"taxonomy":"category","embeddable":true,"href":"https:\/\/noticiasveracruz.com\/index.php\/wp-json\/wp\/v2\/categories?post=47390"},{"taxonomy":"post_tag","embeddable":true,"href":"https:\/\/noticiasveracruz.com\/index.php\/wp-json\/wp\/v2\/tags?post=47390"}],"curies":[{"name":"wp","href":"https:\/\/api.w.org\/{rel}","templated":true}]}}