{"id":47387,"date":"2025-01-07T00:06:26","date_gmt":"2025-01-07T06:06:26","guid":{"rendered":"https:\/\/noticiasveracruz.com\/?p=47387"},"modified":"2025-01-06T22:15:19","modified_gmt":"2025-01-07T04:15:19","slug":"prision-preventiva-oficiosa-no-quiere-decir-que-es-un-regimen-de-excepcion-sheinbaum","status":"publish","type":"post","link":"https:\/\/noticiasveracruz.com\/index.php\/2025\/01\/07\/prision-preventiva-oficiosa-no-quiere-decir-que-es-un-regimen-de-excepcion-sheinbaum\/","title":{"rendered":"Prisi\u00f3n preventiva oficiosa \u00abno quiere decir que es un r\u00e9gimen de excepci\u00f3n\u00bb: Sheinbaum"},"content":{"rendered":"<p>La prisi\u00f3n preventiva oficiosa \u201cno quiere decir (que es) un r\u00e9gimen de excepci\u00f3n\u201d, aclar\u00f3 la presidenta Claudia Sheinbaum, en una reivindicaci\u00f3n de esta medida jur\u00eddica.<\/p>\n<p>Explic\u00f3 que hay ciertos delitos, ya definidos en la Constituci\u00f3n, para los cuales, \u201csi se llevan suficientes pruebas del ministerio p\u00fablico a un juez, y un juez otorga una orden de aprehensi\u00f3n\u201d, el presunto delincuente permanecer\u00e1 en un centro de detenci\u00f3n.<\/p>\n<p>Con ello, los juzgadores ya no pueden determinar que su proceso lo siga en prisi\u00f3n o no, lo cual los pon\u00eda en riesgo, pero subray\u00f3 que \u201ceso no quiere decir que se detiene a alguien por el s\u00f3lo hecho de supone que es un delincuente\u201d y reiter\u00f3 que se requiere para ello la presentaci\u00f3n de las pruebas suficientes.<\/p>\n<p>S\u00f3lo en los casos de prisi\u00f3n preventiva justificada, es la facultad de los jueces decidir la medida que se tomar\u00e1.<\/p>\n<p>Consultada en su conferencia de prensa matutina sobre la detenci\u00f3n del presidente municipal de Frontera Comalapa, Chiapas, Jos\u00e9 Antonio Villatoro Herrera, aprehendido por su presunta relaci\u00f3n con el crimen organizado, expuso que es una acci\u00f3n realizada por la fiscal\u00eda de esa entidad que tiene que ver con una estrategia de cero impunidad.<\/p>\n<p>Y al referir a los operativos emprendidos de este tipo en el estado de M\u00e9xico, dijo que las detenciones se desprenden de investigaciones.<\/p>\n<p>En tanto, luego de que el fin de semana se\u00f1al\u00f3 que habr\u00e1 mayor coordinaci\u00f3n en materia de seguridad con las autoridades de Morelos, este lunes indic\u00f3 que se trata de un estado \u201cmuy especial, porque todav\u00eda tiene el fiscal que sigue ah\u00ed, que es un fiscal que tiene \u00f3rdenes de aprehensi\u00f3n, nada m\u00e1s que en su momento lo defendi\u00f3 el propio Congreso de Morelos, pero su proceso se deber\u00e1 resolver en alg\u00fan momento\u201d.<\/p>\n<p>Apunt\u00f3 que la coordinaci\u00f3n con las distintas entidades se realiza \u201cpoco a poco, ya que no es de la noche a la ma\u00f1ana. Coordinaci\u00f3n no quiere decir nada m\u00e1s hablarse por tel\u00e9fono, sino construir estrategias de atenci\u00f3n a la seguridad y procuraci\u00f3n de justicia\u201d.<\/p>\n<p>Destac\u00f3 que su gobierno ha trabajado mucho con Sinaloa, Guerrero, estado de M\u00e9xico, Baja California y Sonora. \u201cHay entidades donde hemos avanzado un poco m\u00e1s, y otras donde todav\u00eda tenemos que avanzar m\u00e1s, una de ellas es Morelos, por esta condici\u00f3n particular de la fiscal\u00eda\u201d.<\/p>\n<p>Tras adelantar que el informe de seguridad de esta semana se pasar\u00e1 del martes al jueves para esperar a contar con los datos correspondientes al mes de diciembre, anunci\u00f3 que el titular de la Secretar\u00eda de Marina acudir\u00e1 en breve a esa entidad.<\/p>\n","protected":false},"excerpt":{"rendered":"<p>La prisi\u00f3n preventiva oficiosa \u201cno quiere decir (que es) un r\u00e9gimen de excepci\u00f3n\u201d, aclar\u00f3 la presidenta Claudia Sheinbaum, en una<\/p>\n","protected":false},"author":4,"featured_media":47388,"comment_status":"closed","ping_status":"closed","sticky":false,"template":"","format":"standard","meta":{"colormag_page_container_layout":"default_layout","colormag_page_sidebar_layout":"default_layout","_jetpack_memberships_contains_paid_content":false,"footnotes":"","jetpack_publicize_message":"","jetpack_publicize_feature_enabled":true,"jetpack_social_post_already_shared":true,"jetpack_social_options":{"image_generator_settings":{"template":"highway","default_image_id":0,"font":"","enabled":false},"version":2}},"categories":[4],"tags":[],"class_list":["post-47387","post","type-post","status-publish","format-standard","has-post-thumbnail","hentry","category-nacional"],"jetpack_publicize_connections":[],"jetpack_featured_media_url":"https:\/\/noticiasveracruz.com\/wp-content\/uploads\/2025\/01\/1013306_1000039854_web-e1736178556846.jpg","jetpack_sharing_enabled":true,"publishpress_future_action":{"enabled":false,"date":"2026-05-10 08:41:23","action":"change-status","newStatus":"draft","terms":[],"taxonomy":"category","extraData":[]},"publishpress_future_workflow_manual_trigger":{"enabledWorkflows":[]},"_links":{"self":[{"href":"https:\/\/noticiasveracruz.com\/index.php\/wp-json\/wp\/v2\/posts\/47387","targetHints":{"allow":["GET"]}}],"collection":[{"href":"https:\/\/noticiasveracruz.com\/index.php\/wp-json\/wp\/v2\/posts"}],"about":[{"href":"https:\/\/noticiasveracruz.com\/index.php\/wp-json\/wp\/v2\/types\/post"}],"author":[{"embeddable":true,"href":"https:\/\/noticiasveracruz.com\/index.php\/wp-json\/wp\/v2\/users\/4"}],"replies":[{"embeddable":true,"href":"https:\/\/noticiasveracruz.com\/index.php\/wp-json\/wp\/v2\/comments?post=47387"}],"version-history":[{"count":0,"href":"https:\/\/noticiasveracruz.com\/index.php\/wp-json\/wp\/v2\/posts\/47387\/revisions"}],"wp:featuredmedia":[{"embeddable":true,"href":"https:\/\/noticiasveracruz.com\/index.php\/wp-json\/wp\/v2\/media\/47388"}],"wp:attachment":[{"href":"https:\/\/noticiasveracruz.com\/index.php\/wp-json\/wp\/v2\/media?parent=47387"}],"wp:term":[{"taxonomy":"category","embeddable":true,"href":"https:\/\/noticiasveracruz.com\/index.php\/wp-json\/wp\/v2\/categories?post=47387"},{"taxonomy":"post_tag","embeddable":true,"href":"https:\/\/noticiasveracruz.com\/index.php\/wp-json\/wp\/v2\/tags?post=47387"}],"curies":[{"name":"wp","href":"https:\/\/api.w.org\/{rel}","templated":true}]}}