{"id":47378,"date":"2025-01-07T00:03:07","date_gmt":"2025-01-07T06:03:07","guid":{"rendered":"https:\/\/noticiasveracruz.com\/?p=47378"},"modified":"2025-01-06T21:36:54","modified_gmt":"2025-01-07T03:36:54","slug":"destaca-nahle-legado-de-la-ley-agraria","status":"publish","type":"post","link":"https:\/\/noticiasveracruz.com\/index.php\/2025\/01\/07\/destaca-nahle-legado-de-la-ley-agraria\/","title":{"rendered":"Destaca Nahle legado de la Ley Agraria"},"content":{"rendered":"<p>La gobernadora Roc\u00edo Nahle Garc\u00eda y organizaciones campesinas conmemoraron el 110 aniversario de la promulgaci\u00f3n de la Ley Agraria, destacando su importancia hist\u00f3rica para la justicia social y el reparto agrario en M\u00e9xico.<\/p>\n<p>En el puerto de Veracruz, frente al monumento a Venustiano Carranza, coloc\u00f3 la ofrenda floral, recordando que, en ese mismo sitio, en 1915, el presidente puso fin a los latifundios, reconoci\u00f3 los derechos sobre la peque\u00f1a propiedad y otorg\u00f3 seguridad jur\u00eddica a las tierras ejidales y comunales.<\/p>\n<p>Tambi\u00e9n, resalt\u00f3 que esta Ley fue resultado de la lucha social impulsada por la Revoluci\u00f3n Mexicana y sent\u00f3 las bases para la distribuci\u00f3n de m\u00e1s de 100 millones de hect\u00e1reas al campesinado, equivalente a la mitad del territorio mexicano, hace m\u00e1s de 80 a\u00f1os.<\/p>\n<p>Asimismo, hizo un reconocimiento a L\u00e1zaro C\u00e1rdenas del R\u00edo, quien, en 1934, entreg\u00f3 m\u00e1s de 27 millones de hect\u00e1reas en beneficio de cerca de 800 mil familias, restituyendo tierras a pueblos originarios, ampliando los ejidos y consolidando bienes comunales.<\/p>\n<p>Llam\u00f3 a continuar honrando los principios de la Ley Agraria, reafirmando el compromiso del Gobierno de Veracruz con la defensa del ejido, la propiedad comunal y el bienestar de las comunidades rurales, valores a\u00fan vigentes en la Cuarta Transformaci\u00f3n encabezada por la presidenta Claudia Sheinbaum Pardo.<\/p>\n","protected":false},"excerpt":{"rendered":"<p>La gobernadora Roc\u00edo Nahle Garc\u00eda y organizaciones campesinas conmemoraron el 110 aniversario de la promulgaci\u00f3n de la Ley Agraria, destacando<\/p>\n","protected":false},"author":4,"featured_media":47379,"comment_status":"closed","ping_status":"closed","sticky":false,"template":"","format":"standard","meta":{"colormag_page_container_layout":"default_layout","colormag_page_sidebar_layout":"default_layout","_jetpack_memberships_contains_paid_content":false,"footnotes":"","jetpack_publicize_message":"","jetpack_publicize_feature_enabled":true,"jetpack_social_post_already_shared":true,"jetpack_social_options":{"image_generator_settings":{"template":"highway","default_image_id":0,"font":"","enabled":false},"version":2}},"categories":[356],"tags":[],"class_list":["post-47378","post","type-post","status-publish","format-standard","has-post-thumbnail","hentry","category-veracruz"],"jetpack_publicize_connections":[],"jetpack_featured_media_url":"https:\/\/noticiasveracruz.com\/wp-content\/uploads\/2025\/01\/9a-2.jpg","jetpack_sharing_enabled":true,"publishpress_future_action":{"enabled":false,"date":"2026-05-10 05:27:22","action":"change-status","newStatus":"draft","terms":[],"taxonomy":"category","extraData":[]},"publishpress_future_workflow_manual_trigger":{"enabledWorkflows":[]},"_links":{"self":[{"href":"https:\/\/noticiasveracruz.com\/index.php\/wp-json\/wp\/v2\/posts\/47378","targetHints":{"allow":["GET"]}}],"collection":[{"href":"https:\/\/noticiasveracruz.com\/index.php\/wp-json\/wp\/v2\/posts"}],"about":[{"href":"https:\/\/noticiasveracruz.com\/index.php\/wp-json\/wp\/v2\/types\/post"}],"author":[{"embeddable":true,"href":"https:\/\/noticiasveracruz.com\/index.php\/wp-json\/wp\/v2\/users\/4"}],"replies":[{"embeddable":true,"href":"https:\/\/noticiasveracruz.com\/index.php\/wp-json\/wp\/v2\/comments?post=47378"}],"version-history":[{"count":0,"href":"https:\/\/noticiasveracruz.com\/index.php\/wp-json\/wp\/v2\/posts\/47378\/revisions"}],"wp:featuredmedia":[{"embeddable":true,"href":"https:\/\/noticiasveracruz.com\/index.php\/wp-json\/wp\/v2\/media\/47379"}],"wp:attachment":[{"href":"https:\/\/noticiasveracruz.com\/index.php\/wp-json\/wp\/v2\/media?parent=47378"}],"wp:term":[{"taxonomy":"category","embeddable":true,"href":"https:\/\/noticiasveracruz.com\/index.php\/wp-json\/wp\/v2\/categories?post=47378"},{"taxonomy":"post_tag","embeddable":true,"href":"https:\/\/noticiasveracruz.com\/index.php\/wp-json\/wp\/v2\/tags?post=47378"}],"curies":[{"name":"wp","href":"https:\/\/api.w.org\/{rel}","templated":true}]}}