{"id":47375,"date":"2025-01-07T00:02:08","date_gmt":"2025-01-07T06:02:08","guid":{"rendered":"https:\/\/noticiasveracruz.com\/?p=47375"},"modified":"2025-01-06T21:35:54","modified_gmt":"2025-01-07T03:35:54","slug":"inicia-bacheton-y-fugaton","status":"publish","type":"post","link":"https:\/\/noticiasveracruz.com\/index.php\/2025\/01\/07\/inicia-bacheton-y-fugaton\/","title":{"rendered":"Inicia Bachet\u00f3n y Fugat\u00f3n"},"content":{"rendered":"<p>Para reducir en tres meses el 90 por ciento de las fugas y reparar los da\u00f1os en el pavimento y las excavaciones abiertas, la Comisi\u00f3n del Agua del Estado de Veracruz (CAEV) puso en marcha, de manera simult\u00e1nea, el Bachet\u00f3n y Fugat\u00f3n en Acayucan, R\u00edo Blanco y Tuxpan.<\/p>\n<p>Desde Tuxpan, el direct<span id=\"_GoBack\"><\/span>or general Luis Fernando Cervantes Cruz, destac\u00f3 que esta iniciativa es parte de los compromisos de la gobernadora Roc\u00edo Nahle Garc\u00eda, dirigida a beneficiar a un mill\u00f3n 800 mil ciudadanos de 92 municipios.<\/p>\n<p>Agradeci\u00f3 al alcalde Jes\u00fas Fomperosa Torres, a la Secretar\u00eda de la Defensa Nacional y a la iniciativa privada su apoyo y colaboraci\u00f3n, a los cuales se suman los 863 organismos que operan en los 700 sistemas de abastecimiento.<\/p>\n<p>En cuanto a los recursos, explic\u00f3 que el financiamiento proviene del Gobierno estatal, con una inversi\u00f3n inicial de 4 millones de pesos para la zona norte, y para complementar, la firma de convenios con los municipios.<\/p>\n<p>Adem\u00e1s, anunci\u00f3 el lanzamiento del programa Ponte al corriente con el agua, que ofrece a los usuarios la oportunidad de saldar sus adeudos con un subsidio del 75%, un apoyo a las familias con dificultades para ponerse al d\u00eda.<\/p>\n<p>Por su parte, el alcalde de Tuxpan destac\u00f3 que el Bachet\u00f3n y Fugat\u00f3n permitir\u00e1 aprovechar al m\u00e1ximo los recursos destinados a garantizar un suministro constante en las colonias.<\/p>\n<p>Tambi\u00e9n celebr\u00f3 la pr\u00f3xima conclusi\u00f3n de la l\u00ednea de conducci\u00f3n de 40 pulgadas, que duplicar\u00e1 la capacidad de suministro de agua a la cabecera municipal, pasando de 300 a 600 litros por segundo. Adem\u00e1s, la modernizaci\u00f3n de las plantas potabilizadoras, con la sustituci\u00f3n de equipos obsoletos de los a\u00f1os 80.<\/p>\n","protected":false},"excerpt":{"rendered":"<p>Para reducir en tres meses el 90 por ciento de las fugas y reparar los da\u00f1os en el pavimento y<\/p>\n","protected":false},"author":4,"featured_media":47376,"comment_status":"closed","ping_status":"closed","sticky":false,"template":"","format":"standard","meta":{"colormag_page_container_layout":"default_layout","colormag_page_sidebar_layout":"default_layout","_jetpack_memberships_contains_paid_content":false,"footnotes":"","jetpack_publicize_message":"","jetpack_publicize_feature_enabled":true,"jetpack_social_post_already_shared":true,"jetpack_social_options":{"image_generator_settings":{"template":"highway","default_image_id":0,"font":"","enabled":false},"version":2}},"categories":[356],"tags":[],"class_list":["post-47375","post","type-post","status-publish","format-standard","has-post-thumbnail","hentry","category-veracruz"],"jetpack_publicize_connections":[],"jetpack_featured_media_url":"https:\/\/noticiasveracruz.com\/wp-content\/uploads\/2025\/01\/9b-1.jpg","jetpack_sharing_enabled":true,"publishpress_future_action":{"enabled":false,"date":"2026-05-10 04:28:59","action":"change-status","newStatus":"draft","terms":[],"taxonomy":"category","extraData":[]},"publishpress_future_workflow_manual_trigger":{"enabledWorkflows":[]},"_links":{"self":[{"href":"https:\/\/noticiasveracruz.com\/index.php\/wp-json\/wp\/v2\/posts\/47375","targetHints":{"allow":["GET"]}}],"collection":[{"href":"https:\/\/noticiasveracruz.com\/index.php\/wp-json\/wp\/v2\/posts"}],"about":[{"href":"https:\/\/noticiasveracruz.com\/index.php\/wp-json\/wp\/v2\/types\/post"}],"author":[{"embeddable":true,"href":"https:\/\/noticiasveracruz.com\/index.php\/wp-json\/wp\/v2\/users\/4"}],"replies":[{"embeddable":true,"href":"https:\/\/noticiasveracruz.com\/index.php\/wp-json\/wp\/v2\/comments?post=47375"}],"version-history":[{"count":0,"href":"https:\/\/noticiasveracruz.com\/index.php\/wp-json\/wp\/v2\/posts\/47375\/revisions"}],"wp:featuredmedia":[{"embeddable":true,"href":"https:\/\/noticiasveracruz.com\/index.php\/wp-json\/wp\/v2\/media\/47376"}],"wp:attachment":[{"href":"https:\/\/noticiasveracruz.com\/index.php\/wp-json\/wp\/v2\/media?parent=47375"}],"wp:term":[{"taxonomy":"category","embeddable":true,"href":"https:\/\/noticiasveracruz.com\/index.php\/wp-json\/wp\/v2\/categories?post=47375"},{"taxonomy":"post_tag","embeddable":true,"href":"https:\/\/noticiasveracruz.com\/index.php\/wp-json\/wp\/v2\/tags?post=47375"}],"curies":[{"name":"wp","href":"https:\/\/api.w.org\/{rel}","templated":true}]}}