{"id":47372,"date":"2025-01-07T00:01:51","date_gmt":"2025-01-07T06:01:51","guid":{"rendered":"https:\/\/noticiasveracruz.com\/?p=47372"},"modified":"2025-01-06T21:34:49","modified_gmt":"2025-01-07T03:34:49","slug":"congreso-modificara-codigo-electoral","status":"publish","type":"post","link":"https:\/\/noticiasveracruz.com\/index.php\/2025\/01\/07\/congreso-modificara-codigo-electoral\/","title":{"rendered":"Congreso modificar\u00e1 C\u00f3digo Electoral"},"content":{"rendered":"<p>Los diputados locales deber\u00e1n realizar adecuaciones al C\u00f3digo Electoral de Veracruz para definir algunos temas en torno a la elecci\u00f3n de jueces y magistrados en la entidad, como es el tema del financiamiento de los aspirantes, se\u00f1al\u00f3 el consejero electoral del Organismo P\u00fablico Local Electoral (OPLE), Fernando Ramos Garc\u00eda.<\/p>\n<p>Y es que, dijo, no se prev\u00e9 que las campa\u00f1as de los aspirantes a una de las 19 magistraturas o a ser uno de los 80 jueces de primera instancia en el Poder Judicial de Veracruz reciben dinero p\u00fablico, como es el caso de candidatos a puestos de elecci\u00f3n popular.<\/p>\n<p>Hay que recordar que el pasado viernes 3 de enero se instal\u00f3 el Consejo General del OPLE para la elecci\u00f3n de cargos del Poder Judicial, sin embargo, hay varios temas pendientes que deber\u00e1n revisar los legisladores locales.<\/p>\n<p>El Congreso de Veracruz tiene un periodo de 30 d\u00edas para adecuar el C\u00f3digo Electoral y aclarar algunas condiciones de la elecci\u00f3n que se llevar\u00e1 a cabo el 1 de junio de 2025.<\/p>\n<p>De acuerdo con la Constituci\u00f3n Pol\u00edtica local, si el Congreso del Estado no armoniza las leyes secundarias en cuesti\u00f3n electoral, lo tendr\u00e1 que hacer el OPLE.<\/p>\n<p>Se deber\u00e1 establecer de d\u00f3nde saldr\u00e1n los recursos para la campa\u00f1a entre los ciudadanos de las personas que busquen ser magistrados o jueces. Adem\u00e1s, la reforma constitucional federal en torno a la renovaci\u00f3n del Poder Judicial especifica que los aspirantes no podr\u00e1n contratar espacios publicitarios de radio y televisi\u00f3n, solo podr\u00e1n hacer uso de redes sociales.<\/p>\n<p>El consejero electoral dijo que, si podr\u00e1n participar en foros de debate organizados por el propio Instituto o en aquellos brindados gratuitamente por el sector p\u00fablico, privado o social en condiciones de equidad, sin pagar por promoverse.<\/p>\n","protected":false},"excerpt":{"rendered":"<p>Los diputados locales deber\u00e1n realizar adecuaciones al C\u00f3digo Electoral de Veracruz para definir algunos temas en torno a la elecci\u00f3n<\/p>\n","protected":false},"author":4,"featured_media":47373,"comment_status":"closed","ping_status":"closed","sticky":false,"template":"","format":"standard","meta":{"colormag_page_container_layout":"default_layout","colormag_page_sidebar_layout":"default_layout","_jetpack_memberships_contains_paid_content":false,"footnotes":"","jetpack_publicize_message":"","jetpack_publicize_feature_enabled":true,"jetpack_social_post_already_shared":true,"jetpack_social_options":{"image_generator_settings":{"template":"highway","default_image_id":0,"font":"","enabled":false},"version":2}},"categories":[356],"tags":[],"class_list":["post-47372","post","type-post","status-publish","format-standard","has-post-thumbnail","hentry","category-veracruz"],"jetpack_publicize_connections":[],"jetpack_featured_media_url":"https:\/\/noticiasveracruz.com\/wp-content\/uploads\/2025\/01\/9c-1.jpg","jetpack_sharing_enabled":true,"publishpress_future_action":{"enabled":false,"date":"2026-05-10 03:36:06","action":"change-status","newStatus":"draft","terms":[],"taxonomy":"category","extraData":[]},"publishpress_future_workflow_manual_trigger":{"enabledWorkflows":[]},"_links":{"self":[{"href":"https:\/\/noticiasveracruz.com\/index.php\/wp-json\/wp\/v2\/posts\/47372","targetHints":{"allow":["GET"]}}],"collection":[{"href":"https:\/\/noticiasveracruz.com\/index.php\/wp-json\/wp\/v2\/posts"}],"about":[{"href":"https:\/\/noticiasveracruz.com\/index.php\/wp-json\/wp\/v2\/types\/post"}],"author":[{"embeddable":true,"href":"https:\/\/noticiasveracruz.com\/index.php\/wp-json\/wp\/v2\/users\/4"}],"replies":[{"embeddable":true,"href":"https:\/\/noticiasveracruz.com\/index.php\/wp-json\/wp\/v2\/comments?post=47372"}],"version-history":[{"count":0,"href":"https:\/\/noticiasveracruz.com\/index.php\/wp-json\/wp\/v2\/posts\/47372\/revisions"}],"wp:featuredmedia":[{"embeddable":true,"href":"https:\/\/noticiasveracruz.com\/index.php\/wp-json\/wp\/v2\/media\/47373"}],"wp:attachment":[{"href":"https:\/\/noticiasveracruz.com\/index.php\/wp-json\/wp\/v2\/media?parent=47372"}],"wp:term":[{"taxonomy":"category","embeddable":true,"href":"https:\/\/noticiasveracruz.com\/index.php\/wp-json\/wp\/v2\/categories?post=47372"},{"taxonomy":"post_tag","embeddable":true,"href":"https:\/\/noticiasveracruz.com\/index.php\/wp-json\/wp\/v2\/tags?post=47372"}],"curies":[{"name":"wp","href":"https:\/\/api.w.org\/{rel}","templated":true}]}}