{"id":47270,"date":"2025-01-06T00:02:17","date_gmt":"2025-01-06T06:02:17","guid":{"rendered":"https:\/\/noticiasveracruz.com\/?p=47270"},"modified":"2025-01-05T21:36:01","modified_gmt":"2025-01-06T03:36:01","slug":"contribuye-sev-en-colecta-de-juguetes","status":"publish","type":"post","link":"https:\/\/noticiasveracruz.com\/index.php\/2025\/01\/06\/contribuye-sev-en-colecta-de-juguetes\/","title":{"rendered":"Contribuye SEV en colecta de juguetes"},"content":{"rendered":"<p>La Secretar\u00eda de Educaci\u00f3n de Veracruz (SEV) particip\u00f3 en la colecta \u201cTu juguete, su sonrisa\u201d, impulsada por el Sistema Estatal para el Desarrollo Integral de la Familia (DIF) con el prop\u00f3sito de llevar alegr\u00eda a ni\u00f1as y ni\u00f1os durante esta temporada.<\/p>\n<p>La recolecci\u00f3n, coordinada por la titular de la dependencia, Claudia Tello Espinosa, cumpli\u00f3 con el objetivo de reunir la mayor cantidad de obsequios, resaltando la importancia de esta tradici\u00f3n para mantener viva la ilusi\u00f3n y la magia de la ni\u00f1ez.<\/p>\n<p>Tello Espinosa agradeci\u00f3 la generosidad y participaci\u00f3n de las y los trabajadores, quienes siempre est\u00e1n dispuestos a respaldar todas las causas enfocadas en la protecci\u00f3n y cuidado de las ni\u00f1as y ni\u00f1os.<\/p>\n<p>Participaron tambi\u00e9n la oficial mayor, Mar\u00eda Esther Reyes Gonz\u00e1lez; el subsecretario de Educaci\u00f3n Media Superior y Superior, El\u00edas Calixto Armas; la subsecretaria de Educaci\u00f3n B\u00e1sica, Maritza Ram\u00edrez Aguilar, y la subsecretaria de Desarrollo Educativo, Rosalba Valencia Cruz.<\/p>\n","protected":false},"excerpt":{"rendered":"<p>La Secretar\u00eda de Educaci\u00f3n de Veracruz (SEV) particip\u00f3 en la colecta \u201cTu juguete, su sonrisa\u201d, impulsada por el Sistema Estatal<\/p>\n","protected":false},"author":4,"featured_media":47271,"comment_status":"closed","ping_status":"closed","sticky":false,"template":"","format":"standard","meta":{"colormag_page_container_layout":"default_layout","colormag_page_sidebar_layout":"default_layout","_jetpack_memberships_contains_paid_content":false,"footnotes":"","jetpack_publicize_message":"","jetpack_publicize_feature_enabled":true,"jetpack_social_post_already_shared":true,"jetpack_social_options":{"image_generator_settings":{"template":"highway","default_image_id":0,"font":"","enabled":false},"version":2}},"categories":[356],"tags":[],"class_list":["post-47270","post","type-post","status-publish","format-standard","has-post-thumbnail","hentry","category-veracruz"],"jetpack_publicize_connections":[],"jetpack_featured_media_url":"https:\/\/noticiasveracruz.com\/wp-content\/uploads\/2025\/01\/8b-2.jpg","jetpack_sharing_enabled":true,"publishpress_future_action":{"enabled":false,"date":"2026-05-08 10:31:13","action":"change-status","newStatus":"draft","terms":[],"taxonomy":"category","extraData":[]},"publishpress_future_workflow_manual_trigger":{"enabledWorkflows":[]},"_links":{"self":[{"href":"https:\/\/noticiasveracruz.com\/index.php\/wp-json\/wp\/v2\/posts\/47270","targetHints":{"allow":["GET"]}}],"collection":[{"href":"https:\/\/noticiasveracruz.com\/index.php\/wp-json\/wp\/v2\/posts"}],"about":[{"href":"https:\/\/noticiasveracruz.com\/index.php\/wp-json\/wp\/v2\/types\/post"}],"author":[{"embeddable":true,"href":"https:\/\/noticiasveracruz.com\/index.php\/wp-json\/wp\/v2\/users\/4"}],"replies":[{"embeddable":true,"href":"https:\/\/noticiasveracruz.com\/index.php\/wp-json\/wp\/v2\/comments?post=47270"}],"version-history":[{"count":0,"href":"https:\/\/noticiasveracruz.com\/index.php\/wp-json\/wp\/v2\/posts\/47270\/revisions"}],"wp:featuredmedia":[{"embeddable":true,"href":"https:\/\/noticiasveracruz.com\/index.php\/wp-json\/wp\/v2\/media\/47271"}],"wp:attachment":[{"href":"https:\/\/noticiasveracruz.com\/index.php\/wp-json\/wp\/v2\/media?parent=47270"}],"wp:term":[{"taxonomy":"category","embeddable":true,"href":"https:\/\/noticiasveracruz.com\/index.php\/wp-json\/wp\/v2\/categories?post=47270"},{"taxonomy":"post_tag","embeddable":true,"href":"https:\/\/noticiasveracruz.com\/index.php\/wp-json\/wp\/v2\/tags?post=47270"}],"curies":[{"name":"wp","href":"https:\/\/api.w.org\/{rel}","templated":true}]}}