{"id":47267,"date":"2025-01-06T00:01:08","date_gmt":"2025-01-06T06:01:08","guid":{"rendered":"https:\/\/noticiasveracruz.com\/?p=47267"},"modified":"2025-01-05T21:34:58","modified_gmt":"2025-01-06T03:34:58","slug":"veracruz-lanza-bacheton-y-fugaton","status":"publish","type":"post","link":"https:\/\/noticiasveracruz.com\/index.php\/2025\/01\/06\/veracruz-lanza-bacheton-y-fugaton\/","title":{"rendered":"Veracruz lanza Bachet\u00f3n y Fugat\u00f3n"},"content":{"rendered":"<p>Este lunes, el Gobierno de Veracruz a trav\u00e9s de la Comisi\u00f3n del Agua del Estado (CAEV) pondr\u00e1 en marcha el programa Bachet\u00f3n y Fugat\u00f3n para la reparaci\u00f3n de fugas de agua y bacheo con la participaci\u00f3n de sus 63 oficinas operadoras.<\/p>\n<p>La CAEV intervendr\u00e1 700 sistemas en 600 localidades de 92 municipios, beneficiando a un aproximado de 1.8 millones de habitantes con atenci\u00f3n especial a tuber\u00edas obsoletas, algunas sin mantenimiento desde 1980.<\/p>\n<p>El arranque est\u00e1 previsto en Tuxpan, R\u00edo Blanco y Acayucan y contar\u00e1 con el respaldo de asociaciones civiles, la iniciativa privada, autoridades de los tres \u00f3rdenes de gobierno, as\u00ed como de la ciudadan\u00eda.<\/p>\n<p>De forma complementaria, realizar\u00e1n labores de pintura y limpieza en la red de distribuci\u00f3n y entregar\u00e1n herramientas como carretillas, escobas, guantes, bolsas para basura, pintura, impermeabilizantes y cemento para la reparaci\u00f3n de pavimentos da\u00f1ados por fugas.<\/p>\n<p>El director general de la CAEV, Luis Fernando Cervantes Cruz, ha sostenido reuniones con autoridades municipales, como el alcalde de Tuxpan, Jes\u00fas Fomperoza Torres, para presentar la iniciativa e invitar a los municipios a sumarse al proyecto de la gobernadora Roc\u00edo Nahle Garc\u00eda.<\/p>\n","protected":false},"excerpt":{"rendered":"<p>Este lunes, el Gobierno de Veracruz a trav\u00e9s de la Comisi\u00f3n del Agua del Estado (CAEV) pondr\u00e1 en marcha el<\/p>\n","protected":false},"author":4,"featured_media":47268,"comment_status":"closed","ping_status":"closed","sticky":false,"template":"","format":"standard","meta":{"colormag_page_container_layout":"default_layout","colormag_page_sidebar_layout":"default_layout","_jetpack_memberships_contains_paid_content":false,"footnotes":"","jetpack_publicize_message":"","jetpack_publicize_feature_enabled":true,"jetpack_social_post_already_shared":true,"jetpack_social_options":{"image_generator_settings":{"template":"highway","default_image_id":0,"font":"","enabled":false},"version":2}},"categories":[356],"tags":[],"class_list":["post-47267","post","type-post","status-publish","format-standard","has-post-thumbnail","hentry","category-veracruz"],"jetpack_publicize_connections":[],"jetpack_featured_media_url":"https:\/\/noticiasveracruz.com\/wp-content\/uploads\/2025\/01\/8c.jpg","jetpack_sharing_enabled":true,"publishpress_future_action":{"enabled":false,"date":"2026-05-08 08:49:32","action":"change-status","newStatus":"draft","terms":[],"taxonomy":"category","extraData":[]},"publishpress_future_workflow_manual_trigger":{"enabledWorkflows":[]},"_links":{"self":[{"href":"https:\/\/noticiasveracruz.com\/index.php\/wp-json\/wp\/v2\/posts\/47267","targetHints":{"allow":["GET"]}}],"collection":[{"href":"https:\/\/noticiasveracruz.com\/index.php\/wp-json\/wp\/v2\/posts"}],"about":[{"href":"https:\/\/noticiasveracruz.com\/index.php\/wp-json\/wp\/v2\/types\/post"}],"author":[{"embeddable":true,"href":"https:\/\/noticiasveracruz.com\/index.php\/wp-json\/wp\/v2\/users\/4"}],"replies":[{"embeddable":true,"href":"https:\/\/noticiasveracruz.com\/index.php\/wp-json\/wp\/v2\/comments?post=47267"}],"version-history":[{"count":0,"href":"https:\/\/noticiasveracruz.com\/index.php\/wp-json\/wp\/v2\/posts\/47267\/revisions"}],"wp:featuredmedia":[{"embeddable":true,"href":"https:\/\/noticiasveracruz.com\/index.php\/wp-json\/wp\/v2\/media\/47268"}],"wp:attachment":[{"href":"https:\/\/noticiasveracruz.com\/index.php\/wp-json\/wp\/v2\/media?parent=47267"}],"wp:term":[{"taxonomy":"category","embeddable":true,"href":"https:\/\/noticiasveracruz.com\/index.php\/wp-json\/wp\/v2\/categories?post=47267"},{"taxonomy":"post_tag","embeddable":true,"href":"https:\/\/noticiasveracruz.com\/index.php\/wp-json\/wp\/v2\/tags?post=47267"}],"curies":[{"name":"wp","href":"https:\/\/api.w.org\/{rel}","templated":true}]}}