{"id":47257,"date":"2025-01-05T21:21:17","date_gmt":"2025-01-06T03:21:17","guid":{"rendered":"https:\/\/noticiasveracruz.com\/?p=47257"},"modified":"2025-01-05T21:21:17","modified_gmt":"2025-01-06T03:21:17","slug":"ayuntamiento-y-dif-tuxpan-realizaron-festejo-de-dia-de-reyes-a-ninas-y-ninos-de-comunidades-de-la-ruta-altamira","status":"publish","type":"post","link":"https:\/\/noticiasveracruz.com\/index.php\/2025\/01\/05\/ayuntamiento-y-dif-tuxpan-realizaron-festejo-de-dia-de-reyes-a-ninas-y-ninos-de-comunidades-de-la-ruta-altamira\/","title":{"rendered":"Ayuntamiento y DIF Tuxpan realizaron festejo de D\u00eda de Reyes a ni\u00f1as y ni\u00f1os de comunidades de la Ruta Altamira"},"content":{"rendered":"<p>\u2022 Los peque\u00f1os pasaron una tarde inolvidable con rifas de regalos, dulces, juguetes, pi\u00f1atas y roscas de reyes.<\/p>\n<p>Tuxpan, Ver., 05 de enero de 2025.- En la comunidad Pe\u00f1a de Afuera, el Ayuntamiento y el DIF Tuxpan llevaron a cabo un gran evento de D\u00eda de Reyes, que hizo feliz a cientos de ni\u00f1as y ni\u00f1os de las comunidades de la Ruta Altamira.<\/p>\n<p><img loading=\"lazy\" decoding=\"async\" class=\"alignnone size-medium wp-image-47265\" src=\"http:\/\/noticiasveracruz.com\/wp-content\/uploads\/2025\/01\/WhatsApp-Image-2025-01-05-at-19.29.06-300x200.jpeg\" alt=\"\" width=\"300\" height=\"200\" srcset=\"https:\/\/noticiasveracruz.com\/wp-content\/uploads\/2025\/01\/WhatsApp-Image-2025-01-05-at-19.29.06-300x200.jpeg 300w, https:\/\/noticiasveracruz.com\/wp-content\/uploads\/2025\/01\/WhatsApp-Image-2025-01-05-at-19.29.06-1024x682.jpeg 1024w, https:\/\/noticiasveracruz.com\/wp-content\/uploads\/2025\/01\/WhatsApp-Image-2025-01-05-at-19.29.06-768x511.jpeg 768w, https:\/\/noticiasveracruz.com\/wp-content\/uploads\/2025\/01\/WhatsApp-Image-2025-01-05-at-19.29.06.jpeg 1280w\" sizes=\"auto, (max-width: 300px) 100vw, 300px\" \/><\/p>\n<p>Los peque\u00f1os, en compa\u00f1\u00eda de sus padres, pasaron una tarde inolvidable, porque vivieron a plenitud este festejo en el que recibieron regalos, dulces y disfrutaron de la tradicional rosca de reyes.<\/p>\n<p><img loading=\"lazy\" decoding=\"async\" class=\"alignnone size-medium wp-image-47263\" src=\"http:\/\/noticiasveracruz.com\/wp-content\/uploads\/2025\/01\/WhatsApp-Image-2025-01-05-at-19.29.06-4-300x200.jpeg\" alt=\"\" width=\"300\" height=\"200\" srcset=\"https:\/\/noticiasveracruz.com\/wp-content\/uploads\/2025\/01\/WhatsApp-Image-2025-01-05-at-19.29.06-4-300x200.jpeg 300w, https:\/\/noticiasveracruz.com\/wp-content\/uploads\/2025\/01\/WhatsApp-Image-2025-01-05-at-19.29.06-4-1024x682.jpeg 1024w, https:\/\/noticiasveracruz.com\/wp-content\/uploads\/2025\/01\/WhatsApp-Image-2025-01-05-at-19.29.06-4-768x511.jpeg 768w, https:\/\/noticiasveracruz.com\/wp-content\/uploads\/2025\/01\/WhatsApp-Image-2025-01-05-at-19.29.06-4.jpeg 1280w\" sizes=\"auto, (max-width: 300px) 100vw, 300px\" \/><\/p>\n<p>En este evento se cont\u00f3 con la presencia del alcalde Dr. Jes\u00fas Fomperoza Torres; de la presidenta del DIF Tuxpan, Melba L\u00f3pez Guti\u00e9rrez; de la S\u00edndica \u00danica Beatriz Pi\u00f1a Vergara, de la regidora Maryanela Monroy Flores, titular de la comisi\u00f3n de Igualdad de G\u00e9nero, Promoci\u00f3n y Defensa de los Derechos Humanos, de la Ni\u00f1ez y la Infancia.<\/p>\n<p><img loading=\"lazy\" decoding=\"async\" class=\"alignnone size-medium wp-image-47264\" src=\"http:\/\/noticiasveracruz.com\/wp-content\/uploads\/2025\/01\/WhatsApp-Image-2025-01-05-at-19.29.06-5-300x200.jpeg\" alt=\"\" width=\"300\" height=\"200\" srcset=\"https:\/\/noticiasveracruz.com\/wp-content\/uploads\/2025\/01\/WhatsApp-Image-2025-01-05-at-19.29.06-5-300x200.jpeg 300w, https:\/\/noticiasveracruz.com\/wp-content\/uploads\/2025\/01\/WhatsApp-Image-2025-01-05-at-19.29.06-5-1024x682.jpeg 1024w, https:\/\/noticiasveracruz.com\/wp-content\/uploads\/2025\/01\/WhatsApp-Image-2025-01-05-at-19.29.06-5-768x511.jpeg 768w, https:\/\/noticiasveracruz.com\/wp-content\/uploads\/2025\/01\/WhatsApp-Image-2025-01-05-at-19.29.06-5.jpeg 1280w\" sizes=\"auto, (max-width: 300px) 100vw, 300px\" \/><\/p>\n<p>Asimismo, estuvieron presentes la regidora Anah\u00ed Aguilar L\u00f3pez; el regidor Axel Andr\u00e9s Bernal Herrera; directores del Ayuntamiento, agentes y subagentes municipales de Altamira, Las Pasas, Salto de la Reforma, Tebanco, la Joya, Loma Alta y el anfitri\u00f3n, Pe\u00f1a de Afuera.<\/p>\n<p><img loading=\"lazy\" decoding=\"async\" class=\"alignnone size-medium wp-image-47262\" src=\"http:\/\/noticiasveracruz.com\/wp-content\/uploads\/2025\/01\/WhatsApp-Image-2025-01-05-at-19.29.06-3-300x200.jpeg\" alt=\"\" width=\"300\" height=\"200\" srcset=\"https:\/\/noticiasveracruz.com\/wp-content\/uploads\/2025\/01\/WhatsApp-Image-2025-01-05-at-19.29.06-3-300x200.jpeg 300w, https:\/\/noticiasveracruz.com\/wp-content\/uploads\/2025\/01\/WhatsApp-Image-2025-01-05-at-19.29.06-3-1024x682.jpeg 1024w, https:\/\/noticiasveracruz.com\/wp-content\/uploads\/2025\/01\/WhatsApp-Image-2025-01-05-at-19.29.06-3-768x511.jpeg 768w, https:\/\/noticiasveracruz.com\/wp-content\/uploads\/2025\/01\/WhatsApp-Image-2025-01-05-at-19.29.06-3.jpeg 1280w\" sizes=\"auto, (max-width: 300px) 100vw, 300px\" \/><\/p>\n<p>En su mensaje, la presidenta del DIF Tuxpan, Melba L\u00f3pez Guti\u00e9rrez dijo que el 6 de enero es una fecha que nos recuerda la importancia de compartir, de ser generosos y de iluminar la vida de los m\u00e1s peque\u00f1os.<\/p>\n<p><img loading=\"lazy\" decoding=\"async\" class=\"alignnone size-medium wp-image-47258\" src=\"http:\/\/noticiasveracruz.com\/wp-content\/uploads\/2025\/01\/WhatsApp-Image-2025-01-05-at-19.29.05-1-300x225.jpeg\" alt=\"\" width=\"300\" height=\"225\" srcset=\"https:\/\/noticiasveracruz.com\/wp-content\/uploads\/2025\/01\/WhatsApp-Image-2025-01-05-at-19.29.05-1-300x225.jpeg 300w, https:\/\/noticiasveracruz.com\/wp-content\/uploads\/2025\/01\/WhatsApp-Image-2025-01-05-at-19.29.05-1-1024x769.jpeg 1024w, https:\/\/noticiasveracruz.com\/wp-content\/uploads\/2025\/01\/WhatsApp-Image-2025-01-05-at-19.29.05-1-768x577.jpeg 768w, https:\/\/noticiasveracruz.com\/wp-content\/uploads\/2025\/01\/WhatsApp-Image-2025-01-05-at-19.29.05-1.jpeg 1224w\" sizes=\"auto, (max-width: 300px) 100vw, 300px\" \/><\/p>\n<p>Destac\u00f3 que muchos de los juguetes que se entregaron vienen de manos solidarias, de personas que a\u00fan sin conocerlos han pensado en la felicidad de los ni\u00f1os.<\/p>\n<p>\u201cDe todo coraz\u00f3n les traemos estos obsequios para que nunca dejen de creer en la magia, en la bondad y en los sue\u00f1os\u201d, concluy\u00f3 la presidenta del DIF Tuxpan.<\/p>\n<p><img loading=\"lazy\" decoding=\"async\" class=\"alignnone size-medium wp-image-47259\" src=\"http:\/\/noticiasveracruz.com\/wp-content\/uploads\/2025\/01\/WhatsApp-Image-2025-01-05-at-19.29.05-300x200.jpeg\" alt=\"\" width=\"300\" height=\"200\" srcset=\"https:\/\/noticiasveracruz.com\/wp-content\/uploads\/2025\/01\/WhatsApp-Image-2025-01-05-at-19.29.05-300x200.jpeg 300w, https:\/\/noticiasveracruz.com\/wp-content\/uploads\/2025\/01\/WhatsApp-Image-2025-01-05-at-19.29.05-1024x682.jpeg 1024w, https:\/\/noticiasveracruz.com\/wp-content\/uploads\/2025\/01\/WhatsApp-Image-2025-01-05-at-19.29.05-768x511.jpeg 768w, https:\/\/noticiasveracruz.com\/wp-content\/uploads\/2025\/01\/WhatsApp-Image-2025-01-05-at-19.29.05.jpeg 1280w\" sizes=\"auto, (max-width: 300px) 100vw, 300px\" \/><\/p>\n<p>Por su parte, el presidente municipal Dr. Jes\u00fas Fomperoza Torres dijo sentirse feliz de estar en este evento que ha dibujado sonrisas en el rostro de los ni\u00f1os.<\/p>\n<p>Agradeci\u00f3 a sus compa\u00f1eras y compa\u00f1eros ediles su compa\u00f1\u00eda, as\u00ed como a su equipo de trabajo y a los agentes municipales.<\/p>\n<p>Este domingo las ni\u00f1as y los ni\u00f1os disfrutaron del festejo del DIF, y regresaron felices a casa.<\/p>\n","protected":false},"excerpt":{"rendered":"<p>\u2022 Los peque\u00f1os pasaron una tarde inolvidable con rifas de regalos, dulces, juguetes, pi\u00f1atas y roscas de reyes. Tuxpan, Ver.,<\/p>\n","protected":false},"author":4,"featured_media":47261,"comment_status":"closed","ping_status":"closed","sticky":false,"template":"","format":"standard","meta":{"colormag_page_container_layout":"default_layout","colormag_page_sidebar_layout":"default_layout","_jetpack_memberships_contains_paid_content":false,"footnotes":"","jetpack_publicize_message":"","jetpack_publicize_feature_enabled":true,"jetpack_social_post_already_shared":true,"jetpack_social_options":{"image_generator_settings":{"template":"highway","default_image_id":0,"font":"","enabled":false},"version":2}},"categories":[3372,356],"tags":[],"class_list":["post-47257","post","type-post","status-publish","format-standard","has-post-thumbnail","hentry","category-gobierno-tuxpan","category-veracruz"],"jetpack_publicize_connections":[],"jetpack_featured_media_url":"https:\/\/noticiasveracruz.com\/wp-content\/uploads\/2025\/01\/WhatsApp-Image-2025-01-05-at-19.29.06-2.jpeg","jetpack_sharing_enabled":true,"publishpress_future_action":{"enabled":false,"date":"2026-05-08 07:05:33","action":"change-status","newStatus":"draft","terms":[],"taxonomy":"category","extraData":[]},"publishpress_future_workflow_manual_trigger":{"enabledWorkflows":[]},"_links":{"self":[{"href":"https:\/\/noticiasveracruz.com\/index.php\/wp-json\/wp\/v2\/posts\/47257","targetHints":{"allow":["GET"]}}],"collection":[{"href":"https:\/\/noticiasveracruz.com\/index.php\/wp-json\/wp\/v2\/posts"}],"about":[{"href":"https:\/\/noticiasveracruz.com\/index.php\/wp-json\/wp\/v2\/types\/post"}],"author":[{"embeddable":true,"href":"https:\/\/noticiasveracruz.com\/index.php\/wp-json\/wp\/v2\/users\/4"}],"replies":[{"embeddable":true,"href":"https:\/\/noticiasveracruz.com\/index.php\/wp-json\/wp\/v2\/comments?post=47257"}],"version-history":[{"count":0,"href":"https:\/\/noticiasveracruz.com\/index.php\/wp-json\/wp\/v2\/posts\/47257\/revisions"}],"wp:featuredmedia":[{"embeddable":true,"href":"https:\/\/noticiasveracruz.com\/index.php\/wp-json\/wp\/v2\/media\/47261"}],"wp:attachment":[{"href":"https:\/\/noticiasveracruz.com\/index.php\/wp-json\/wp\/v2\/media?parent=47257"}],"wp:term":[{"taxonomy":"category","embeddable":true,"href":"https:\/\/noticiasveracruz.com\/index.php\/wp-json\/wp\/v2\/categories?post=47257"},{"taxonomy":"post_tag","embeddable":true,"href":"https:\/\/noticiasveracruz.com\/index.php\/wp-json\/wp\/v2\/tags?post=47257"}],"curies":[{"name":"wp","href":"https:\/\/api.w.org\/{rel}","templated":true}]}}