{"id":47251,"date":"2025-01-05T00:19:05","date_gmt":"2025-01-05T06:19:05","guid":{"rendered":"https:\/\/noticiasveracruz.com\/?p=47251"},"modified":"2025-01-04T22:25:01","modified_gmt":"2025-01-05T04:25:01","slug":"asumire-presidencia-de-ecuador-el-5-de-enero-veronica-abad","status":"publish","type":"post","link":"https:\/\/noticiasveracruz.com\/index.php\/2025\/01\/05\/asumire-presidencia-de-ecuador-el-5-de-enero-veronica-abad\/","title":{"rendered":"\u00abAsumir\u00e9 presidencia de Ecuador el 5 de enero\u00bb: Ver\u00f3nica Abad"},"content":{"rendered":"<p>\u201cEl 5 de enero asumir\u00e9 la presidencia\u201d, anunci\u00f3 hoy la vicepresidenta ecuatoriana, Ver\u00f3nica Abad, en v\u00edsperas del inicio de la campa\u00f1a electoral y en medio de la pol\u00e9mica sobre si el mandatario, Daniel Noboa, deber\u00eda pedir licencia.<\/p>\n<p>En un video publicado este s\u00e1bado en su cuenta de X, Abad indic\u00f3 que ejercer\u00e1 esa funci\u00f3n \u00abpor mandato expreso en la ley, como funci\u00f3n propia y constitucional\u00bb.<\/p>\n<p>Precis\u00f3 que esa ser\u00e1 su responsabilidad mientras Noboa, que se postul\u00f3 para la presidencia en los comicios del 9 de febrero, participa en actividades de campa\u00f1a.<\/p>\n<p>La vicemandataria inst\u00f3 a cada una de las funciones del Estado a respetar el orden constitucional y asegur\u00f3 que su periodo al frente del Ejecutivo ser\u00e1 de \u00abpaz, serenidad y de absoluto respeto a la institucionalidad\u00bb.<\/p>\n<p>Hizo un llamado tambi\u00e9n al Comando Conjunto de las Fuerzas Armadas a asegurar el \u00abejercicio del poder constitucional sin dilaci\u00f3n alguna\u00bb. El pasado 2 de enero Noboa design\u00f3 a Sariha Moya, secretaria nacional de Planificaci\u00f3n y Desarrollo, como vicepresidenta encargada, hasta el 22 de enero o hasta que Abad llegue a la embajada ecuatoriana en T\u00fcrkiye, seg\u00fan indica el Decreto Ejecutivo 492.<\/p>\n","protected":false},"excerpt":{"rendered":"<p>\u201cEl 5 de enero asumir\u00e9 la presidencia\u201d, anunci\u00f3 hoy la vicepresidenta ecuatoriana, Ver\u00f3nica Abad, en v\u00edsperas del inicio de la<\/p>\n","protected":false},"author":4,"featured_media":47252,"comment_status":"closed","ping_status":"closed","sticky":false,"template":"","format":"standard","meta":{"colormag_page_container_layout":"default_layout","colormag_page_sidebar_layout":"default_layout","_jetpack_memberships_contains_paid_content":false,"footnotes":"","jetpack_publicize_message":"","jetpack_publicize_feature_enabled":true,"jetpack_social_post_already_shared":true,"jetpack_social_options":{"image_generator_settings":{"template":"highway","default_image_id":0,"font":"","enabled":false},"version":2}},"categories":[355],"tags":[],"class_list":["post-47251","post","type-post","status-publish","format-standard","has-post-thumbnail","hentry","category-internacional"],"jetpack_publicize_connections":[],"jetpack_featured_media_url":"https:\/\/noticiasveracruz.com\/wp-content\/uploads\/2025\/01\/AA1wXYF9.jpg","jetpack_sharing_enabled":true,"publishpress_future_action":{"enabled":false,"date":"2026-05-08 09:42:57","action":"change-status","newStatus":"draft","terms":[],"taxonomy":"category","extraData":[]},"publishpress_future_workflow_manual_trigger":{"enabledWorkflows":[]},"_links":{"self":[{"href":"https:\/\/noticiasveracruz.com\/index.php\/wp-json\/wp\/v2\/posts\/47251","targetHints":{"allow":["GET"]}}],"collection":[{"href":"https:\/\/noticiasveracruz.com\/index.php\/wp-json\/wp\/v2\/posts"}],"about":[{"href":"https:\/\/noticiasveracruz.com\/index.php\/wp-json\/wp\/v2\/types\/post"}],"author":[{"embeddable":true,"href":"https:\/\/noticiasveracruz.com\/index.php\/wp-json\/wp\/v2\/users\/4"}],"replies":[{"embeddable":true,"href":"https:\/\/noticiasveracruz.com\/index.php\/wp-json\/wp\/v2\/comments?post=47251"}],"version-history":[{"count":0,"href":"https:\/\/noticiasveracruz.com\/index.php\/wp-json\/wp\/v2\/posts\/47251\/revisions"}],"wp:featuredmedia":[{"embeddable":true,"href":"https:\/\/noticiasveracruz.com\/index.php\/wp-json\/wp\/v2\/media\/47252"}],"wp:attachment":[{"href":"https:\/\/noticiasveracruz.com\/index.php\/wp-json\/wp\/v2\/media?parent=47251"}],"wp:term":[{"taxonomy":"category","embeddable":true,"href":"https:\/\/noticiasveracruz.com\/index.php\/wp-json\/wp\/v2\/categories?post=47251"},{"taxonomy":"post_tag","embeddable":true,"href":"https:\/\/noticiasveracruz.com\/index.php\/wp-json\/wp\/v2\/tags?post=47251"}],"curies":[{"name":"wp","href":"https:\/\/api.w.org\/{rel}","templated":true}]}}