{"id":47155,"date":"2025-01-04T00:00:54","date_gmt":"2025-01-04T06:00:54","guid":{"rendered":"https:\/\/noticiasveracruz.com\/?p=47155"},"modified":"2025-01-04T00:00:54","modified_gmt":"2025-01-04T06:00:54","slug":"cuitlahuac-garcia-se-incorporara-al-gobierno-federal-al-frente-del-cenagas","status":"publish","type":"post","link":"https:\/\/noticiasveracruz.com\/index.php\/2025\/01\/04\/cuitlahuac-garcia-se-incorporara-al-gobierno-federal-al-frente-del-cenagas\/","title":{"rendered":"Cuitl\u00e1huac Garc\u00eda se incorporar\u00e1 al gobierno federal al frente del Cenagas"},"content":{"rendered":"<p>El ex gobernador de Veracruz Cuitl\u00e1huac Garc\u00eda se incorporar\u00e1 a partir del lunes al gobierno federal como nuevo director del Centro Nacional de Control del Gas Natural (Cenagas), anunci\u00f3 este viernes la presidenta Claudia Sheinbaum Pardo.<\/p>\n<p>\u201cNos va a ayudar a coordinar todos los trabajos que tiene que ver con producci\u00f3n, distribuci\u00f3n de gas en Cenagas\u201d, dijo la mandataria en su conferencia de prensa diaria en Palacio Nacional.<\/p>\n<p>\u201cPoca gente conoce que Cuitl\u00e1huac es ingeniero mec\u00e1nico electricista por la Universidad Veracruzana, muy buen ingeniero\u201d, coment\u00f3.<\/p>\n<p>Cenagas es un organismo descentralizado sectorizado a la Secretar\u00eda de Energ\u00eda.<\/p>\n<p>Opera como gestor del Sistema de Transporte y Almacenamiento Nacional Integrado de Gas Natural y como transportista de gas natural, para lo que opera y mantiene\u00a0ductos\u00a0propios.<\/p>\n","protected":false},"excerpt":{"rendered":"<p>El ex gobernador de Veracruz Cuitl\u00e1huac Garc\u00eda se incorporar\u00e1 a partir del lunes al gobierno federal como nuevo director del<\/p>\n","protected":false},"author":4,"featured_media":47156,"comment_status":"closed","ping_status":"closed","sticky":false,"template":"","format":"standard","meta":{"colormag_page_container_layout":"default_layout","colormag_page_sidebar_layout":"default_layout","_jetpack_memberships_contains_paid_content":false,"footnotes":"","jetpack_publicize_message":"","jetpack_publicize_feature_enabled":true,"jetpack_social_post_already_shared":true,"jetpack_social_options":{"image_generator_settings":{"template":"highway","default_image_id":0,"font":"","enabled":false},"version":2}},"categories":[4],"tags":[],"class_list":["post-47155","post","type-post","status-publish","format-standard","has-post-thumbnail","hentry","category-nacional"],"jetpack_publicize_connections":[],"jetpack_featured_media_url":"https:\/\/noticiasveracruz.com\/wp-content\/uploads\/2025\/01\/1604875760_246955_1604875932_noticia_normal.jpg","jetpack_sharing_enabled":true,"publishpress_future_action":{"enabled":false,"date":"2026-05-08 08:49:24","action":"change-status","newStatus":"draft","terms":[],"taxonomy":"category","extraData":[]},"publishpress_future_workflow_manual_trigger":{"enabledWorkflows":[]},"_links":{"self":[{"href":"https:\/\/noticiasveracruz.com\/index.php\/wp-json\/wp\/v2\/posts\/47155","targetHints":{"allow":["GET"]}}],"collection":[{"href":"https:\/\/noticiasveracruz.com\/index.php\/wp-json\/wp\/v2\/posts"}],"about":[{"href":"https:\/\/noticiasveracruz.com\/index.php\/wp-json\/wp\/v2\/types\/post"}],"author":[{"embeddable":true,"href":"https:\/\/noticiasveracruz.com\/index.php\/wp-json\/wp\/v2\/users\/4"}],"replies":[{"embeddable":true,"href":"https:\/\/noticiasveracruz.com\/index.php\/wp-json\/wp\/v2\/comments?post=47155"}],"version-history":[{"count":0,"href":"https:\/\/noticiasveracruz.com\/index.php\/wp-json\/wp\/v2\/posts\/47155\/revisions"}],"wp:featuredmedia":[{"embeddable":true,"href":"https:\/\/noticiasveracruz.com\/index.php\/wp-json\/wp\/v2\/media\/47156"}],"wp:attachment":[{"href":"https:\/\/noticiasveracruz.com\/index.php\/wp-json\/wp\/v2\/media?parent=47155"}],"wp:term":[{"taxonomy":"category","embeddable":true,"href":"https:\/\/noticiasveracruz.com\/index.php\/wp-json\/wp\/v2\/categories?post=47155"},{"taxonomy":"post_tag","embeddable":true,"href":"https:\/\/noticiasveracruz.com\/index.php\/wp-json\/wp\/v2\/tags?post=47155"}],"curies":[{"name":"wp","href":"https:\/\/api.w.org\/{rel}","templated":true}]}}