{"id":47140,"date":"2025-01-04T00:02:42","date_gmt":"2025-01-04T06:02:42","guid":{"rendered":"https:\/\/noticiasveracruz.com\/?p=47140"},"modified":"2025-01-03T23:20:55","modified_gmt":"2025-01-04T05:20:55","slug":"anuncian-sedes-de-foros-para-el-pnd","status":"publish","type":"post","link":"https:\/\/noticiasveracruz.com\/index.php\/2025\/01\/04\/anuncian-sedes-de-foros-para-el-pnd\/","title":{"rendered":"Anuncian sedes de foros para el PND"},"content":{"rendered":"<p>Veracruz y Xalapa ser\u00e1n sedes de los foros para integrar el Plan Nacional de Desarrollo como parte de una participaci\u00f3n democr\u00e1tica de la sociedad que busca dise\u00f1ar el documento rector de las pol\u00edticas p\u00fablicas para el periodo 2025-2030.<\/p>\n<p>En la Ma\u00f1anera del Pueblo, el coordinador de asesores de la Presidencia de la Rep\u00fablica, Jes\u00fas Ram\u00edrez Cuevas inform\u00f3 el calendario y las tem\u00e1ticas que del 06 al 17 de enero habr\u00e1n de desarrollarse en todo el pa\u00eds para integrar el documento que posteriormente se discutir\u00e1 y analizar\u00e1.<\/p>\n<p>El pr\u00f3ximo domingo 12, en el puerto de Veracruz, tendr\u00e1 lugar el foro Econom\u00eda, Moral y Trabajo; el viernes 17, Xalapa el de Desarrollo con Bienestar y Humanismo con enfoque en educaci\u00f3n.<\/p>\n<p>De manera paralela, la poblaci\u00f3n podr\u00e1 participar digitalmente enviando sus propuestas, a trav\u00e9s de un micrositio, instalado en la p\u00e1gina del Gobierno de la Rep\u00fablica.<\/p>\n<p>El Plan Nacional de Desarrollo 2025-2030, es un espacio donde el pueblo podr\u00e1 reflexionar, dialogar y construir democr\u00e1ticamente el futuro del pa\u00eds, y la herramienta que servir\u00e1 para consolidar el proyecto de transformaci\u00f3n sobre los principios de humanismo mexicano.<\/p>\n","protected":false},"excerpt":{"rendered":"<p>Veracruz y Xalapa ser\u00e1n sedes de los foros para integrar el Plan Nacional de Desarrollo como parte de una participaci\u00f3n<\/p>\n","protected":false},"author":4,"featured_media":47141,"comment_status":"closed","ping_status":"closed","sticky":false,"template":"","format":"standard","meta":{"colormag_page_container_layout":"default_layout","colormag_page_sidebar_layout":"default_layout","_jetpack_memberships_contains_paid_content":false,"footnotes":"","jetpack_publicize_message":"","jetpack_publicize_feature_enabled":true,"jetpack_social_post_already_shared":true,"jetpack_social_options":{"image_generator_settings":{"template":"highway","default_image_id":0,"font":"","enabled":false},"version":2}},"categories":[356],"tags":[],"class_list":["post-47140","post","type-post","status-publish","format-standard","has-post-thumbnail","hentry","category-veracruz"],"jetpack_publicize_connections":[],"jetpack_featured_media_url":"https:\/\/noticiasveracruz.com\/wp-content\/uploads\/2025\/01\/9c.jpg","jetpack_sharing_enabled":true,"publishpress_future_action":{"enabled":false,"date":"2026-05-10 05:42:16","action":"change-status","newStatus":"draft","terms":[],"taxonomy":"category","extraData":[]},"publishpress_future_workflow_manual_trigger":{"enabledWorkflows":[]},"_links":{"self":[{"href":"https:\/\/noticiasveracruz.com\/index.php\/wp-json\/wp\/v2\/posts\/47140","targetHints":{"allow":["GET"]}}],"collection":[{"href":"https:\/\/noticiasveracruz.com\/index.php\/wp-json\/wp\/v2\/posts"}],"about":[{"href":"https:\/\/noticiasveracruz.com\/index.php\/wp-json\/wp\/v2\/types\/post"}],"author":[{"embeddable":true,"href":"https:\/\/noticiasveracruz.com\/index.php\/wp-json\/wp\/v2\/users\/4"}],"replies":[{"embeddable":true,"href":"https:\/\/noticiasveracruz.com\/index.php\/wp-json\/wp\/v2\/comments?post=47140"}],"version-history":[{"count":0,"href":"https:\/\/noticiasveracruz.com\/index.php\/wp-json\/wp\/v2\/posts\/47140\/revisions"}],"wp:featuredmedia":[{"embeddable":true,"href":"https:\/\/noticiasveracruz.com\/index.php\/wp-json\/wp\/v2\/media\/47141"}],"wp:attachment":[{"href":"https:\/\/noticiasveracruz.com\/index.php\/wp-json\/wp\/v2\/media?parent=47140"}],"wp:term":[{"taxonomy":"category","embeddable":true,"href":"https:\/\/noticiasveracruz.com\/index.php\/wp-json\/wp\/v2\/categories?post=47140"},{"taxonomy":"post_tag","embeddable":true,"href":"https:\/\/noticiasveracruz.com\/index.php\/wp-json\/wp\/v2\/tags?post=47140"}],"curies":[{"name":"wp","href":"https:\/\/api.w.org\/{rel}","templated":true}]}}