{"id":47126,"date":"2025-01-03T21:53:29","date_gmt":"2025-01-04T03:53:29","guid":{"rendered":"https:\/\/noticiasveracruz.com\/?p=47126"},"modified":"2025-01-03T21:53:29","modified_gmt":"2025-01-04T03:53:29","slug":"caev-llevara-a-cabo-la-reparacion-de-fugas-y-baches-en-tuxpan-como-resultado-de-acuerdos-con-el-alcalde-dr-jesus-fomperoza","status":"publish","type":"post","link":"https:\/\/noticiasveracruz.com\/index.php\/2025\/01\/03\/caev-llevara-a-cabo-la-reparacion-de-fugas-y-baches-en-tuxpan-como-resultado-de-acuerdos-con-el-alcalde-dr-jesus-fomperoza\/","title":{"rendered":"CAEV llevar\u00e1 a cabo la reparaci\u00f3n de fugas y baches en Tuxpan, como resultado de acuerdos con el alcalde Dr. Jes\u00fas Fomperoza"},"content":{"rendered":"<p>El Director General de la Comisi\u00f3n del Agua del Estado de Veracruz -CAEV-, Licenciado Luis Fernando Cervantes Cruz, invit\u00f3 al alcalde de Tuxpan, Doctor Jes\u00fas Fomperoza Torres, a sumarse al Programa Bachet\u00f3n y Fugat\u00f3n, que en breve se llevar\u00e1 a cabo en territorio veracruzano.<\/p>\n<p><img loading=\"lazy\" decoding=\"async\" class=\"alignnone size-medium wp-image-47130\" src=\"http:\/\/noticiasveracruz.com\/wp-content\/uploads\/2025\/01\/WhatsApp-Image-2025-01-03-at-17.26.23-300x257.jpeg\" alt=\"\" width=\"300\" height=\"257\" srcset=\"https:\/\/noticiasveracruz.com\/wp-content\/uploads\/2025\/01\/WhatsApp-Image-2025-01-03-at-17.26.23-300x257.jpeg 300w, https:\/\/noticiasveracruz.com\/wp-content\/uploads\/2025\/01\/WhatsApp-Image-2025-01-03-at-17.26.23-768x658.jpeg 768w, https:\/\/noticiasveracruz.com\/wp-content\/uploads\/2025\/01\/WhatsApp-Image-2025-01-03-at-17.26.23.jpeg 878w\" sizes=\"auto, (max-width: 300px) 100vw, 300px\" \/><\/p>\n<p>El titular de la CAEV reconoci\u00f3 el inter\u00e9s y compromiso del presidente municipal de Tuxpan por integrarse al \u201cBachet\u00f3n y Fugat\u00f3n\u201d como parte de las respuestas que la actual Administraci\u00f3n Estatal ofrece a los ciudadanos por su bienestar y seguridad.<\/p>\n<p>En las oficinas centrales, ubicadas en esta ciudad Capital, hablaron de las sedes consideradas para este evento de alcance estatal como Tuxpan, R\u00edo Blanco y Acayucan, con la participaci\u00f3n de 63 organismos operadores de agua de esta Comisi\u00f3n. Se abarcar\u00e1 a 700 sistemas de agua potable, de 600 localidades, de 92 municipios, proyectando el beneficio para un mill\u00f3n 800 mil habitantes.<\/p>\n<p><img loading=\"lazy\" decoding=\"async\" class=\"alignnone size-medium wp-image-47128\" src=\"http:\/\/noticiasveracruz.com\/wp-content\/uploads\/2025\/01\/WhatsApp-Image-2025-01-03-at-17.26.22-300x219.jpeg\" alt=\"\" width=\"300\" height=\"219\" srcset=\"https:\/\/noticiasveracruz.com\/wp-content\/uploads\/2025\/01\/WhatsApp-Image-2025-01-03-at-17.26.22-300x219.jpeg 300w, https:\/\/noticiasveracruz.com\/wp-content\/uploads\/2025\/01\/WhatsApp-Image-2025-01-03-at-17.26.22-768x560.jpeg 768w, https:\/\/noticiasveracruz.com\/wp-content\/uploads\/2025\/01\/WhatsApp-Image-2025-01-03-at-17.26.22.jpeg 952w\" sizes=\"auto, (max-width: 300px) 100vw, 300px\" \/><\/p>\n<p>Ambos servidores p\u00fablicos coincidieron en convocar a Asociaciones Civiles, iniciativa privada, entidades municipales, estatales y federales, adem\u00e1s de la poblaci\u00f3n en general para hacer de \u00e9ste un programa participativo implementando una estrategia cuyo \u201cpulso\u201d sea lo m\u00e1s cercano a la gente, como la gobernadora de Veracruz, Ingeniera Roc\u00edo Nahle Garc\u00eda, ha puesto el ejemplo.<\/p>\n<p>Mediante una proyecci\u00f3n de diapositivas se dieron a conocer los metros lineales de tuber\u00edas a reparar para evitar las fugas en las zonas norte, centro y sur de la entidad, as\u00ed como el cemento para la reposici\u00f3n de pavimentos, y as\u00ed poder impactar en los problemas de bacheo y fugas que tanto han afectado a la sociedad.<\/p>\n<p>Se busca darle a la poblaci\u00f3n lo que m\u00e1s necesita, que en este caso es la atenci\u00f3n a fugas que en muchos casos son causadas por tuber\u00edas que ya cumplieron su ciclo de servicio, pues hay registros de que algunas redes no han tenido mantenimiento desde 1980.<\/p>\n<p><img loading=\"lazy\" decoding=\"async\" class=\"alignnone size-medium wp-image-47127\" src=\"http:\/\/noticiasveracruz.com\/wp-content\/uploads\/2025\/01\/WhatsApp-Image-2025-01-03-at-17.26.22-1-300x214.jpeg\" alt=\"\" width=\"300\" height=\"214\" srcset=\"https:\/\/noticiasveracruz.com\/wp-content\/uploads\/2025\/01\/WhatsApp-Image-2025-01-03-at-17.26.22-1-300x214.jpeg 300w, https:\/\/noticiasveracruz.com\/wp-content\/uploads\/2025\/01\/WhatsApp-Image-2025-01-03-at-17.26.22-1-768x548.jpeg 768w, https:\/\/noticiasveracruz.com\/wp-content\/uploads\/2025\/01\/WhatsApp-Image-2025-01-03-at-17.26.22-1.jpeg 990w\" sizes=\"auto, (max-width: 300px) 100vw, 300px\" \/><\/p>\n<p>El alcalde reiter\u00f3 que en Tuxpan tiene CAEV un aliado y amigo para impulsar todo lo que sea en beneficio de las y los ciudadanos.<\/p>\n<p>Acompa\u00f1aron al presidente municipal el director de Obras P\u00fablicas, Ingeniero Pedro Espinoza P\u00e9rez; el asesor del ayuntamiento, Licenciado Jos\u00e9 Manuel Pozos Ram\u00edrez; el Oficial Mayor, Licenciado Enrique Francisco Hern\u00e1ndez y el Coordinador de Planeaci\u00f3n Municipal, Arquitecto Irad \u00c1ngeles Mendoza.<\/p>\n<p>Por la CAEV participaron: la Jefa de la Unidad Jur\u00eddica, Licenciada Damara G\u00f3mez Morales; el Subdirector Administrativo, Contador P\u00fablico Juan Rufino S\u00e1nchez S\u00e1nchez; el Encargado de la Subdirecci\u00f3n de Operaci\u00f3n y Mantenimiento, M.A.P. Mois\u00e9s P\u00e9rez Dom\u00ednguez; El Encargado del Departamento T\u00e9cnico de Operaci\u00f3n; C. N\u00e9stor Ortiz Aguilar; El jefe de la Unidad de Cultura del Agua y Participaci\u00f3n Ciudadana, Licenciado Jonny Shet Hern\u00e1ndez Rodr\u00edguez; El Encargado de la Oficina de Uso Eficiente del Agua, Arquitecto Juan Gerardo Rojas Vela y el Jefe de la Oficina Operadora de CAEV-Tuxpan, Ingeniero Jorge Alberto Vargas Chavelo.<\/p>\n","protected":false},"excerpt":{"rendered":"<p>El Director General de la Comisi\u00f3n del Agua del Estado de Veracruz -CAEV-, Licenciado Luis Fernando Cervantes Cruz, invit\u00f3 al<\/p>\n","protected":false},"author":4,"featured_media":47129,"comment_status":"closed","ping_status":"closed","sticky":false,"template":"","format":"standard","meta":{"colormag_page_container_layout":"default_layout","colormag_page_sidebar_layout":"default_layout","_jetpack_memberships_contains_paid_content":false,"footnotes":"","jetpack_publicize_message":"","jetpack_publicize_feature_enabled":true,"jetpack_social_post_already_shared":true,"jetpack_social_options":{"image_generator_settings":{"template":"highway","default_image_id":0,"font":"","enabled":false},"version":2}},"categories":[3372,356],"tags":[],"class_list":["post-47126","post","type-post","status-publish","format-standard","has-post-thumbnail","hentry","category-gobierno-tuxpan","category-veracruz"],"jetpack_publicize_connections":[],"jetpack_featured_media_url":"https:\/\/noticiasveracruz.com\/wp-content\/uploads\/2025\/01\/WhatsApp-Image-2025-01-03-at-17.26.23-1.jpeg","jetpack_sharing_enabled":true,"publishpress_future_action":{"enabled":false,"date":"2026-05-08 07:05:33","action":"change-status","newStatus":"draft","terms":[],"taxonomy":"category","extraData":[]},"publishpress_future_workflow_manual_trigger":{"enabledWorkflows":[]},"_links":{"self":[{"href":"https:\/\/noticiasveracruz.com\/index.php\/wp-json\/wp\/v2\/posts\/47126","targetHints":{"allow":["GET"]}}],"collection":[{"href":"https:\/\/noticiasveracruz.com\/index.php\/wp-json\/wp\/v2\/posts"}],"about":[{"href":"https:\/\/noticiasveracruz.com\/index.php\/wp-json\/wp\/v2\/types\/post"}],"author":[{"embeddable":true,"href":"https:\/\/noticiasveracruz.com\/index.php\/wp-json\/wp\/v2\/users\/4"}],"replies":[{"embeddable":true,"href":"https:\/\/noticiasveracruz.com\/index.php\/wp-json\/wp\/v2\/comments?post=47126"}],"version-history":[{"count":0,"href":"https:\/\/noticiasveracruz.com\/index.php\/wp-json\/wp\/v2\/posts\/47126\/revisions"}],"wp:featuredmedia":[{"embeddable":true,"href":"https:\/\/noticiasveracruz.com\/index.php\/wp-json\/wp\/v2\/media\/47129"}],"wp:attachment":[{"href":"https:\/\/noticiasveracruz.com\/index.php\/wp-json\/wp\/v2\/media?parent=47126"}],"wp:term":[{"taxonomy":"category","embeddable":true,"href":"https:\/\/noticiasveracruz.com\/index.php\/wp-json\/wp\/v2\/categories?post=47126"},{"taxonomy":"post_tag","embeddable":true,"href":"https:\/\/noticiasveracruz.com\/index.php\/wp-json\/wp\/v2\/tags?post=47126"}],"curies":[{"name":"wp","href":"https:\/\/api.w.org\/{rel}","templated":true}]}}