{"id":47121,"date":"2025-01-03T21:41:25","date_gmt":"2025-01-04T03:41:25","guid":{"rendered":"https:\/\/noticiasveracruz.com\/?p=47121"},"modified":"2025-01-03T21:41:25","modified_gmt":"2025-01-04T03:41:25","slug":"tuxpan-buscaran-candidato-con-lupa","status":"publish","type":"post","link":"https:\/\/noticiasveracruz.com\/index.php\/2025\/01\/03\/tuxpan-buscaran-candidato-con-lupa\/","title":{"rendered":"Tuxpan: buscar\u00e1n candidato con lupa"},"content":{"rendered":"<ul>\n<li>\n<div><b>Hist\u00f3ricamente el electorado es muy cambiante en su preferencia cada elecci\u00f3n<\/b><\/div>\n<\/li>\n<li>\n<div>\u00a0La candidatura a la presidencia municipal de Morena no puede venderse al mejor postor<\/div>\n<\/li>\n<li>\n<div>Seguramente el candidato de Morena por Tuxpan se elegir\u00e1 con \u201clupa\u201d, no al vapor<\/div>\n<\/li>\n<\/ul>\n<p>MORENA: Las bases se rebelan<\/p>\n<p>El proceso de elecci\u00f3n de candidatos de Morena en algunas plazas del estado de Veracruz capta la atenci\u00f3n de la opini\u00f3n p\u00fablica estatal, y\u00a0 tambi\u00e9n nacional<\/p>\n<p>En municipios como Tuxpan, Veracruz, est\u00e1 en juego no solo el fortalecimiento de ese movimiento social, hecho partido pol\u00edtico, en un lugar donde hist\u00f3ricamente el electorado es muy cambiante en su preferencia cada elecci\u00f3n, as\u00ed vemos que en la tierra de Jes\u00fas Reyes Heroles y el \u00abTlacuache\u00bb Garizurieta, en un periodo gan\u00f3 el PRD y en el otro el PRI, pero luego el PAN, y en el \u00faltimo periodo MORENA.<\/p>\n<p>Hemos observado que el electorado no le hace mucho caso a l as dirigencias de los partidos, se revelan y votan muchas veces por o en contra de un candidato, no por un color partidista, sorpresa se han llevado los partidos con muchos de los resultados de la votaci\u00f3n.<\/p>\n<p>En Tuxpan est\u00e1 en juego tambi\u00e9n la gestaci\u00f3n de un desarrollo integral a gran escala, aprovechando los planes de la Presidenta de la Republica Claudia Sheinbaum y la gobernadora de Veracruz Roc\u00edo Nahle, por lo que los electores tuxpe\u00f1os saben que necesitan un nuevo presidente municipal que no sea improvisado, que tenga conocimiento y capacidad para encausar los principales proyectos de desarrollo que podr\u00edan transformar Tuxpan, que no exista la percepci\u00f3n de que llegar\u00e1 por el \u201cbot\u00edn\u201d a robarse el presupuesto, a pedirle \u201cmoche\u201d a quienes tienen iniciativas o proyectos para este municipio, como ya ha sido tradicional en muchos de los gobiernos municipales del pasado, que por la voracidad de sus alcaldes en turno, se han destinado o desviado para otros lugares, regiones y estados, proyectos de inversi\u00f3n que pudieron haber generado un mejor desarrollo en Tuxpan, la historia de la corrupci\u00f3n municipal lo sabe bien el pueblo, al que ya no se le puede enga\u00f1ar f\u00e1cilmente.<\/p>\n<p>Se requiere a un presidente municipal que no llegue a coludirse o asociarse con la delincuencia organizada, como ya es tradicional tambi\u00e9n, los secuestros, extorsiones, cobros de piso, asesinatos y desapariciones han estado al orden del d\u00eda, aunque no sale todo en los medios; la percepci\u00f3n de inseguridad, la tiene el pueblo, no los pol\u00edticos que andan con guaruras todo el tiempo, algunos porque la \u201cdeben\u201d y otros porque ya los han levantado, pero oficialmente no ha pasado nada en esta ciudad de entrada de la husteca veracruzana.<\/p>\n<p>Los mandos navales y militares de esta regi\u00f3n deben tener mejores datos que nosotros los periodistas.<\/p>\n<p>Otro punto importante es que Tuxpan es una de las plazas m\u00e1s importantes del pa\u00eds, que tiene que ver hasta con la seguridad nacional, no puede nominarse a\u00a0 un\u00a0 candidato morenista que no est\u00e9 preparado y tenga la solvencia moral y pol\u00edtica para presidir un municipio, una ciudad a punto de ser metropolitana como Tuxpan, la elecci\u00f3n se debe tomar con mucha visi\u00f3n y sentido de responsabilidad hist\u00f3rica; regalar la candidatura o la presidencia municipal a cualquiera en la revati\u00f1a pol\u00edtica, podr\u00eda poner en riesgo para Morena la elecci\u00f3n, aunque hagan cuentas alegres y lo peor la gestaci\u00f3n de un verdadero desarrollo para Tuxpan, una ciudad que ha so\u00f1ado con un verdadero desarrollo desde decenas de generaciones atr\u00e1s, y solo se ha visto un desarrollo muy menor al que se merece este hist\u00f3rico lugar de la geograf\u00eda veracruzana.<\/p>\n<p>Por todo lo anterior, la candidatura a la presidencia municipal de Morena no puede venderse al mejor postor, ni a alguien que represente las ant\u00edtesis del ideario morenista, que no sea respetado en la comunidad; las malas elecciones, como los caprichos en lugares con la trascendencia nacional de Tuxpan, pueden traer consecuencias, la Presidenta de la Republica, la l\u00edder real tambi\u00e9n del morenismo en M\u00e9xico, est\u00e1 observando como se resuelven las candidaturas en los principales municipios del pa\u00eds, la gobernadora no es ninguna improvisada y sabe de la responsabilidad hist\u00f3rica que tendr\u00e1 la pr\u00f3xima elecci\u00f3n de candidatos y presidentes municipales, seguramente el candidato de Morena por Tuxpan se elegir\u00e1 con \u201clupa\u201d, no al vapor.<\/p>\n<p><img loading=\"lazy\" decoding=\"async\" class=\"alignnone wp-image-46972 size-full\" src=\"http:\/\/noticiasveracruz.com\/wp-content\/uploads\/2025\/01\/FIRMA-EDITORIAL-PD.jpg\" alt=\"\" width=\"1024\" height=\"125\" srcset=\"https:\/\/noticiasveracruz.com\/wp-content\/uploads\/2025\/01\/FIRMA-EDITORIAL-PD.jpg 1024w, https:\/\/noticiasveracruz.com\/wp-content\/uploads\/2025\/01\/FIRMA-EDITORIAL-PD-300x37.jpg 300w, https:\/\/noticiasveracruz.com\/wp-content\/uploads\/2025\/01\/FIRMA-EDITORIAL-PD-768x94.jpg 768w\" sizes=\"auto, (max-width: 1024px) 100vw, 1024px\" \/><\/p>\n","protected":false},"excerpt":{"rendered":"<p>Hist\u00f3ricamente el electorado es muy cambiante en su preferencia cada elecci\u00f3n \u00a0La candidatura a la presidencia municipal de Morena no<\/p>\n","protected":false},"author":4,"featured_media":29037,"comment_status":"closed","ping_status":"closed","sticky":false,"template":"","format":"standard","meta":{"colormag_page_container_layout":"default_layout","colormag_page_sidebar_layout":"default_layout","_jetpack_memberships_contains_paid_content":false,"footnotes":"","jetpack_publicize_message":"","jetpack_publicize_feature_enabled":true,"jetpack_social_post_already_shared":true,"jetpack_social_options":{"image_generator_settings":{"template":"highway","default_image_id":0,"font":"","enabled":false},"version":2}},"categories":[6],"tags":[],"class_list":["post-47121","post","type-post","status-publish","format-standard","has-post-thumbnail","hentry","category-columnistas"],"jetpack_publicize_connections":[],"jetpack_featured_media_url":"https:\/\/noticiasveracruz.com\/wp-content\/uploads\/2024\/04\/BANNER-cristiani-NV.jpg","jetpack_sharing_enabled":true,"publishpress_future_action":{"enabled":false,"date":"2026-05-08 08:49:33","action":"change-status","newStatus":"draft","terms":[],"taxonomy":"category","extraData":[]},"publishpress_future_workflow_manual_trigger":{"enabledWorkflows":[]},"_links":{"self":[{"href":"https:\/\/noticiasveracruz.com\/index.php\/wp-json\/wp\/v2\/posts\/47121","targetHints":{"allow":["GET"]}}],"collection":[{"href":"https:\/\/noticiasveracruz.com\/index.php\/wp-json\/wp\/v2\/posts"}],"about":[{"href":"https:\/\/noticiasveracruz.com\/index.php\/wp-json\/wp\/v2\/types\/post"}],"author":[{"embeddable":true,"href":"https:\/\/noticiasveracruz.com\/index.php\/wp-json\/wp\/v2\/users\/4"}],"replies":[{"embeddable":true,"href":"https:\/\/noticiasveracruz.com\/index.php\/wp-json\/wp\/v2\/comments?post=47121"}],"version-history":[{"count":0,"href":"https:\/\/noticiasveracruz.com\/index.php\/wp-json\/wp\/v2\/posts\/47121\/revisions"}],"wp:featuredmedia":[{"embeddable":true,"href":"https:\/\/noticiasveracruz.com\/index.php\/wp-json\/wp\/v2\/media\/29037"}],"wp:attachment":[{"href":"https:\/\/noticiasveracruz.com\/index.php\/wp-json\/wp\/v2\/media?parent=47121"}],"wp:term":[{"taxonomy":"category","embeddable":true,"href":"https:\/\/noticiasveracruz.com\/index.php\/wp-json\/wp\/v2\/categories?post=47121"},{"taxonomy":"post_tag","embeddable":true,"href":"https:\/\/noticiasveracruz.com\/index.php\/wp-json\/wp\/v2\/tags?post=47121"}],"curies":[{"name":"wp","href":"https:\/\/api.w.org\/{rel}","templated":true}]}}