{"id":47119,"date":"2025-01-03T21:39:06","date_gmt":"2025-01-04T03:39:06","guid":{"rendered":"https:\/\/noticiasveracruz.com\/?p=47119"},"modified":"2025-01-03T21:39:06","modified_gmt":"2025-01-04T03:39:06","slug":"la-encuestitis-por-veracruz","status":"publish","type":"post","link":"https:\/\/noticiasveracruz.com\/index.php\/2025\/01\/03\/la-encuestitis-por-veracruz\/","title":{"rendered":"La encuestitis por Veracruz"},"content":{"rendered":"<p style=\"font-weight: 400;\"><strong>Por: Luis Ram\u00edrez Baqueiro<\/strong><\/p>\n<p style=\"font-weight: 400;\">\n<p style=\"font-weight: 400;\"><em>\u201cEl valor, al igual que el amor, necesita alimentarse de esperanza.\u201d \u2013 Napole\u00f3n Bonaparte.<\/em><\/p>\n<p style=\"font-weight: 400;\"><strong>\u00a0<\/strong><\/p>\n<p style=\"font-weight: 400;\"><strong>Un instrumento infalible para determinar y medir el posicionamiento p\u00fablico de los actores pol\u00edticos que aspiran por un posible cargo de elecci\u00f3n popular es la encuesta.<\/strong><\/p>\n<p style=\"font-weight: 400;\"><strong>Pero en pol\u00edtica como ciencia, las mediciones y sus posibles pron\u00f3sticos y escenarios solo sirven para dos cosas: determinar a ciencia cierta las posibilidades y el lugar de posici\u00f3n entre los disputantes y el generar entre el colectivo posibles escenarios \u2013que reales o no- buscan inclinar la balanza en favor de determinado actor pol\u00edtico.<\/strong><\/p>\n<p style=\"font-weight: 400;\"><strong>Lo que comienza a sucederse en el puerto de Veracruz a escasos seis meses del proceso electoral del 1 de junio, es en verdad de llamar la atenci\u00f3n.<\/strong><\/p>\n<p style=\"font-weight: 400;\"><strong>No termina de empezar bien el a\u00f1o, cuando el partido llam\u00e9mosle oficial, representado por Morena, tiene ya sus primeros jaloneos entre los que se anotan por encabezar la planilla para ocupar el Ayuntamiento porte\u00f1o.<\/strong><\/p>\n<p style=\"font-weight: 400;\"><strong>Pero la m\u00e1s reciente encuesta de la empresa Consulta Mitofsky levantada entre el 12 y 15 de diciembre en un estudio demosc\u00f3pico cara a cara \u2013los que conocen dicen que estas son las encuestas buenas- arroja datos mucho muy interesantes.\u00a0<a href=\"https:\/\/www.mitofsky.mx\/post\/tendencias-electorales-rumbo-a-la-eleccion-2025-en-el-municipio-de-veracruz\" data-saferedirecturl=\"https:\/\/www.google.com\/url?q=https:\/\/www.mitofsky.mx\/post\/tendencias-electorales-rumbo-a-la-eleccion-2025-en-el-municipio-de-veracruz&amp;source=gmail&amp;ust=1736048171221000&amp;usg=AOvVaw1ccbw4pe6dkdfujSe2nufw\">https:\/\/www.mitofsky.mx\/post\/tendencias-electorales-rumbo-a-la-eleccion-2025-en-el-municipio-de-veracruz<\/a><\/strong><\/p>\n<p style=\"font-weight: 400;\"><strong>Lo primero que deja en claro, es que la ciudadan\u00eda porte\u00f1a ni enterada anda de que el 01 de junio de 2025 se realizar\u00e1n elecciones para renovar a sus autoridades municipales, eso evidencia el profundo desinter\u00e9s de la sociedad por la pol\u00edtica y sus actores.<\/strong><\/p>\n<p style=\"font-weight: 400;\"><strong>El resultado de la encuesta arroj\u00f3 que un 70.1% no sabe o no conoce que habr\u00e1 elecciones. Eso s\u00ed, su respuesta secundaria a la pregunta de ir\u00e1 usted a votar es del 64.3% de que s\u00ed acudir\u00e1 a las urnas \u2013como evidenci\u00e1ndose en el sentido de no s\u00e9 cu\u00e1ndo es la elecci\u00f3n, pero de que voto, yo voto-.<\/strong><\/p>\n<p style=\"font-weight: 400;\"><strong>Cuestionaron y midieron la imagen de los aspirantes. A esa lista exclusiva de pol\u00edticos anotaron a los siguientes: Fernando Yunes Marquez (PAN), Pepin Ruiz (Morena), Anil\u00fa Ingram Vallines (Morena), Rosa Mar\u00eda Hern\u00e1ndez Espejo (Morena), Indira Rosales San Roman (PAN) y Oscar Lara (MC).<\/strong><\/p>\n<p style=\"font-weight: 400;\"><strong>De esta medici\u00f3n un dato interesante es que el mayor conocimiento del actor lo alcanza Fernando Yunes Marquez con 73% pero con un 40.9% de mala opini\u00f3n del personaje.<\/strong><\/p>\n<p style=\"font-weight: 400;\"><strong>Pepin Ruiz Carmona ocupa el segundo lugar de conocimiento de la poblaci\u00f3n con un 67.4% y un 57.1% de buena opini\u00f3n ciudadana; detr\u00e1s en tercer lugar llega Anil\u00fa Ingram Vallines con un 43.5% de conocimiento entre la sociedad y un porcentaje de opini\u00f3n favorable del 45.8%, en cuarto lugar, la diputada federal Rosa Mar\u00eda Hern\u00e1ndez Espejo \u2013la que muchos afirman ser\u00eda la candidata, cosa de la que no se tienen certeza- a quien la conoce un 32.5% y tiene una opini\u00f3n positiva del 45.7%.<\/strong><\/p>\n<p style=\"font-weight: 400;\"><strong>Esto es interesante pues Rosa Mar\u00eda Hern\u00e1ndez Espejo llevar\u00eda ya mucho tiempo recorriendo dicho territorio y a pesar de ello, no alcanza a ser la primera opci\u00f3n seg\u00fan la encuesta.<\/strong><\/p>\n<p style=\"font-weight: 400;\"><strong>De resaltar el rol que viene jugando Anil\u00fa Ingram Vallines quien hasta hace unos meses no militaba en el panorama de Morena, pero que gracias al trabajo, compromiso y dedicaci\u00f3n recorriendo a ras de piso el distrito la vuelve a posicionar entre el agrado social, con fuertes posibilidades de seguir creciendo.<\/strong><\/p>\n<p style=\"font-weight: 400;\"><strong>Se debe tener presente que muy probablemente al puerto jarocho retorne una mujer a gobernar, pues como ya lo ha dicho la presidenta Claudia Sheinbaum Pardo y la misma Gobernadora Roc\u00edo Nahle Garc\u00eda es tiempo de mujeres, y no es por nada, todo parece apuntar a que los grandes municipios veracruzanos ser\u00e1n gobernados por mujeres tras el proceso electoral de este 2025.<\/strong><\/p>\n<p style=\"font-weight: 400;\"><strong>Por lo pronto, revise las cifras y haga sus apuestas.<\/strong><\/p>\n<p style=\"font-weight: 400;\"><strong>\u00a0<\/strong><\/p>\n<p style=\"font-weight: 400;\"><strong><em>Sextante<\/em><\/strong><\/p>\n<p style=\"font-weight: 400;\"><strong>Muy pocos pol\u00edticos muestran el lado humano de sus personalidades, como muy pocos tambi\u00e9n hablan de las buenas acciones que emprenden a favor de la poblaci\u00f3n. Este lo ha dejado grabado en sus redes sociales.<\/strong><\/p>\n<p style=\"font-weight: 400;\"><strong>Dice la misma Biblia: \u201cque la mano derecha no se entere de lo que hizo la izquierda\u201d al referirse aquellas buenas acciones que se emprenden o ejecutan, pues no hay que presumirlas a los ojos o agrados del Se\u00f1or.<\/strong><\/p>\n<p style=\"font-weight: 400;\"><strong>Pero cuando comprobamos que el comportamiento es repetitivo, que no es un asunto espont\u00e1neo solo ejecutado porque tuvo la buena voluntad de hacerlo, sino es una forma de vida, es cuando el actuar del ser humano toma y evidencia la nobleza del acto.<\/strong><\/p>\n<p style=\"font-weight: 400;\"><strong>Otros en su lugar, no destinan ni un centavo por apoyar a su pr\u00f3jimo, y este personaje, sin embargo, ha venido realizando esta noble acci\u00f3n a lo largo de los \u00faltimos a\u00f1os.<\/strong><\/p>\n<p style=\"font-weight: 400;\"><strong>Antes de dirigirse a su terru\u00f1o a ver a los suyos, retaca su camioneta de cientos de piernas de cerdo y sale con destino a su natal Hueyapan de Ocampo, repartiendo en su trayecto alegr\u00eda entre la gente verdaderamente que lo necesita.<\/strong><\/p>\n<p style=\"font-weight: 400;\"><strong>As\u00ed, en grandes cadenas comerciales donde se emplean adultos mayores, donde ve alba\u00f1iles trabajando, polic\u00edas vigilando, despachadores en las gasolineras, y todo aquel que en las calles se intenta honradamente ganar un peso, este personaje pas\u00f3 dejando una muestra de bonhom\u00eda y buena voluntad, obsequi\u00e1ndoles una pierna de cerdo. Por cierto, se encontr\u00f3 a unos trabajadores que\u00a0habr\u00edan\u00a0bacheado las carreteras y eran de Santiago Tuxtla \u2013trabajando el mismo 31 de diciembre-, y a todos les dio el avent\u00f3n y les dio su pierna para cenar.<\/strong><\/p>\n<p style=\"font-weight: 400;\"><strong>Desde este espacio un reconocimiento a ese hombre del que omitir\u00e9 su nombre \u2013pero \u00e9l sabe qui\u00e9n es-, que demuestra su alto sentido humano, que Dios lo bendiga, porque con acciones como est\u00e1s nos recuerda que a\u00fan hay esperanza en la humanidad.<\/strong><\/p>\n<p style=\"font-weight: 400;\"><strong>\u00a0<\/strong><\/p>\n<p style=\"font-weight: 400;\"><strong>Al tiempo.<\/strong><\/p>\n<p><img loading=\"lazy\" decoding=\"async\" class=\"alignnone wp-image-46972 size-full\" src=\"http:\/\/noticiasveracruz.com\/wp-content\/uploads\/2025\/01\/FIRMA-EDITORIAL-PD.jpg\" alt=\"\" width=\"1024\" height=\"125\" srcset=\"https:\/\/noticiasveracruz.com\/wp-content\/uploads\/2025\/01\/FIRMA-EDITORIAL-PD.jpg 1024w, https:\/\/noticiasveracruz.com\/wp-content\/uploads\/2025\/01\/FIRMA-EDITORIAL-PD-300x37.jpg 300w, https:\/\/noticiasveracruz.com\/wp-content\/uploads\/2025\/01\/FIRMA-EDITORIAL-PD-768x94.jpg 768w\" sizes=\"auto, (max-width: 1024px) 100vw, 1024px\" \/><\/p>\n","protected":false},"excerpt":{"rendered":"<p>Por: Luis Ram\u00edrez Baqueiro \u201cEl valor, al igual que el amor, necesita alimentarse de esperanza.\u201d \u2013 Napole\u00f3n Bonaparte. \u00a0 Un<\/p>\n","protected":false},"author":4,"featured_media":30989,"comment_status":"closed","ping_status":"closed","sticky":false,"template":"","format":"standard","meta":{"colormag_page_container_layout":"default_layout","colormag_page_sidebar_layout":"default_layout","_jetpack_memberships_contains_paid_content":false,"footnotes":"","jetpack_publicize_message":"","jetpack_publicize_feature_enabled":true,"jetpack_social_post_already_shared":true,"jetpack_social_options":{"image_generator_settings":{"template":"highway","default_image_id":0,"font":"","enabled":false},"version":2}},"categories":[6],"tags":[],"class_list":["post-47119","post","type-post","status-publish","format-standard","has-post-thumbnail","hentry","category-columnistas"],"jetpack_publicize_connections":[],"jetpack_featured_media_url":"https:\/\/noticiasveracruz.com\/wp-content\/uploads\/2024\/05\/LUIS-RAMIREZ-BAQUEIRO-800x445-1.png","jetpack_sharing_enabled":true,"publishpress_future_action":{"enabled":false,"date":"2026-05-08 10:31:06","action":"change-status","newStatus":"draft","terms":[],"taxonomy":"category","extraData":[]},"publishpress_future_workflow_manual_trigger":{"enabledWorkflows":[]},"_links":{"self":[{"href":"https:\/\/noticiasveracruz.com\/index.php\/wp-json\/wp\/v2\/posts\/47119","targetHints":{"allow":["GET"]}}],"collection":[{"href":"https:\/\/noticiasveracruz.com\/index.php\/wp-json\/wp\/v2\/posts"}],"about":[{"href":"https:\/\/noticiasveracruz.com\/index.php\/wp-json\/wp\/v2\/types\/post"}],"author":[{"embeddable":true,"href":"https:\/\/noticiasveracruz.com\/index.php\/wp-json\/wp\/v2\/users\/4"}],"replies":[{"embeddable":true,"href":"https:\/\/noticiasveracruz.com\/index.php\/wp-json\/wp\/v2\/comments?post=47119"}],"version-history":[{"count":0,"href":"https:\/\/noticiasveracruz.com\/index.php\/wp-json\/wp\/v2\/posts\/47119\/revisions"}],"wp:featuredmedia":[{"embeddable":true,"href":"https:\/\/noticiasveracruz.com\/index.php\/wp-json\/wp\/v2\/media\/30989"}],"wp:attachment":[{"href":"https:\/\/noticiasveracruz.com\/index.php\/wp-json\/wp\/v2\/media?parent=47119"}],"wp:term":[{"taxonomy":"category","embeddable":true,"href":"https:\/\/noticiasveracruz.com\/index.php\/wp-json\/wp\/v2\/categories?post=47119"},{"taxonomy":"post_tag","embeddable":true,"href":"https:\/\/noticiasveracruz.com\/index.php\/wp-json\/wp\/v2\/tags?post=47119"}],"curies":[{"name":"wp","href":"https:\/\/api.w.org\/{rel}","templated":true}]}}