{"id":47088,"date":"2025-01-03T00:35:33","date_gmt":"2025-01-03T06:35:33","guid":{"rendered":"https:\/\/noticiasveracruz.com\/?p=47088"},"modified":"2025-01-03T00:35:33","modified_gmt":"2025-01-03T06:35:33","slug":"china-propone-restringir-exportaciones-de-tecnologia-de-minerales","status":"publish","type":"post","link":"https:\/\/noticiasveracruz.com\/index.php\/2025\/01\/03\/china-propone-restringir-exportaciones-de-tecnologia-de-minerales\/","title":{"rendered":"China propone restringir exportaciones de tecnolog\u00eda de minerales"},"content":{"rendered":"<p>El Ministerio de Comercio chino propuso restricciones a la exportaci\u00f3n de algunas tecnolog\u00edas utilizadas para fabricar componentes de bater\u00edas y procesar minerales cr\u00edticos como el litio y el galio, seg\u00fan se desprende de un documento publicado el jueves.<\/p>\n<p>De aplicarse, ser\u00eda un cap\u00edtulo m\u00e1s de una serie de restricciones y prohibiciones a la exportaci\u00f3n de minerales cr\u00edticos y la tecnolog\u00eda utilizada para procesarlos, \u00e1mbitos en los que Pek\u00edn domina a nivel mundial.<\/p>\n<p>Los cambios propuestos ampliar\u00edan y revisar\u00edan las restricciones para incluir parte de la tecnolog\u00eda utilizada para fabricar c\u00e1todos, componentes de las bater\u00edas, as\u00ed como m\u00e9todos de extracci\u00f3n y procesamiento del litio.<\/p>\n<p>Algunas tecnolog\u00edas de extracci\u00f3n de galio tambi\u00e9n quedar\u00edan restringidas en virtud de los cambios propuestos, que est\u00e1n abiertos a comentarios p\u00fablicos hasta el 1 de febrero.<\/p>\n<p>El comunicado no precisa cu\u00e1ndo podr\u00edan entrar en vigor las medidas.<\/p>\n<p>Dependiendo de su gravedad, las restricciones propuestas a la tecnolog\u00eda usada para procesar litio o preparar componentes de bater\u00edas podr\u00edan obstaculizar los planes de expansi\u00f3n en el extranjero de los principales fabricantes chinos, entre ellos CATL, Gotion y EVE Energy.<\/p>\n<p>Donald Trump tomar\u00e1 posesi\u00f3n como presidente de Estados Unidos a finales de este mes. Ha prometido imponer aranceles y diversas restricciones comerciales contra otros pa\u00edses, en particular China.<\/p>\n","protected":false},"excerpt":{"rendered":"<p>El Ministerio de Comercio chino propuso restricciones a la exportaci\u00f3n de algunas tecnolog\u00edas utilizadas para fabricar componentes de bater\u00edas y procesar minerales cr\u00edticos como el litio y el galio, seg\u00fan se desprende de un documento publicado el jueves. De aplicarse, ser\u00eda un cap\u00edtulo m\u00e1s de una serie de restricciones y prohibiciones a la exportaci\u00f3n de [&hellip;]<\/p>\n","protected":false},"author":4,"featured_media":47089,"comment_status":"closed","ping_status":"closed","sticky":false,"template":"","format":"standard","meta":{"_jetpack_newsletter_access":"","_jetpack_dont_email_post_to_subs":false,"_jetpack_newsletter_tier_id":0,"_jetpack_memberships_contains_paywalled_content":false,"_jetpack_feature_clip_id":0,"_jetpack_memberships_contains_paid_content":false,"footnotes":"","jetpack_publicize_message":"","jetpack_publicize_feature_enabled":true,"jetpack_social_post_already_shared":true,"jetpack_social_options":{"image_generator_settings":{"template":"highway","default_image_id":0,"font":"","enabled":false},"version":2},"jetpack_post_was_ever_published":false},"categories":[1947],"tags":[],"class_list":["post-47088","post","type-post","status-publish","format-standard","has-post-thumbnail","hentry","category-economia"],"jetpack_publicize_connections":[],"jetpack_sharing_enabled":true,"publishpress_future_action":{"enabled":false,"date":"2026-09-09 13:42:24","action":"change-status","newStatus":"draft","terms":[],"taxonomy":"category","extraData":[]},"publishpress_future_workflow_manual_trigger":{"enabledWorkflows":[]},"jetpack_featured_media_url":"https:\/\/noticiasveracruz.com\/wp-content\/uploads\/2025\/01\/AA1wANk0.jpg","_links":{"self":[{"href":"https:\/\/noticiasveracruz.com\/index.php\/wp-json\/wp\/v2\/posts\/47088","targetHints":{"allow":["GET"]}}],"collection":[{"href":"https:\/\/noticiasveracruz.com\/index.php\/wp-json\/wp\/v2\/posts"}],"about":[{"href":"https:\/\/noticiasveracruz.com\/index.php\/wp-json\/wp\/v2\/types\/post"}],"author":[{"embeddable":true,"href":"https:\/\/noticiasveracruz.com\/index.php\/wp-json\/wp\/v2\/users\/4"}],"replies":[{"embeddable":true,"href":"https:\/\/noticiasveracruz.com\/index.php\/wp-json\/wp\/v2\/comments?post=47088"}],"version-history":[{"count":0,"href":"https:\/\/noticiasveracruz.com\/index.php\/wp-json\/wp\/v2\/posts\/47088\/revisions"}],"wp:featuredmedia":[{"embeddable":true,"href":"https:\/\/noticiasveracruz.com\/index.php\/wp-json\/wp\/v2\/media\/47089"}],"wp:attachment":[{"href":"https:\/\/noticiasveracruz.com\/index.php\/wp-json\/wp\/v2\/media?parent=47088"}],"wp:term":[{"taxonomy":"category","embeddable":true,"href":"https:\/\/noticiasveracruz.com\/index.php\/wp-json\/wp\/v2\/categories?post=47088"},{"taxonomy":"post_tag","embeddable":true,"href":"https:\/\/noticiasveracruz.com\/index.php\/wp-json\/wp\/v2\/tags?post=47088"}],"curies":[{"name":"wp","href":"https:\/\/api.w.org\/{rel}","templated":true}]}}