{"id":46673,"date":"2024-12-26T00:15:11","date_gmt":"2024-12-26T06:15:11","guid":{"rendered":"https:\/\/noticiasveracruz.com\/?p=46673"},"modified":"2024-12-26T00:15:11","modified_gmt":"2024-12-26T06:15:11","slug":"cuba-y-bolivia-formaran-parte-del-grupo-brics-al-inicio-de-2025","status":"publish","type":"post","link":"https:\/\/noticiasveracruz.com\/index.php\/2024\/12\/26\/cuba-y-bolivia-formaran-parte-del-grupo-brics-al-inicio-de-2025\/","title":{"rendered":"Cuba y Bolivia formar\u00e1n parte del grupo BRICS al inicio de 2025"},"content":{"rendered":"<p>Cuba y Bolivia se integrar\u00e1n formalmente al grupo de econom\u00edas emergentes BRICS a partir del 1 de enero de 2025, tras haber concluido su proceso de adhesi\u00f3n.<\/p>\n<p>Rusia anunci\u00f3 oficialmente el lunes 23 de diciembre la lista de pa\u00edses asociados al BRICS, luego de recibir las confirmaciones para ser un Estado asociado, estatus que les ser\u00e1 asignado a partir del 1 de enero de 2025, dijo el asesor del presidente ruso, Yuri Ushakov.<\/p>\n<p>Detall\u00f3 que adem\u00e1s de los dos pa\u00edses latinoamericanos, tambi\u00e9n se integrar\u00e1n al grupo Bielorrusia, Indonesia, Kazajist\u00e1n, Malasia, Tailandia, Uganda y Uzbekist\u00e1n a partir del primer d\u00eda del pr\u00f3ximo a\u00f1o.<\/p>\n<p>El grupo BRICS, compuesto inicialmente por Brasil, Rusia, la India, China, Sud\u00e1frica, se extendi\u00f3 en 2024 con la entrada de Arabia Saud\u00ed, Egipto, los Emiratos \u00c1rabes Unidos, Etiop\u00eda e Ir\u00e1n, que realizaron su adhesi\u00f3n en la cumbre anual realizada en Kaz\u00e1n, Rusia, a finales de octubre.<\/p>\n<p>Ahora el grupo representa a casi la mitad de la poblaci\u00f3n mundial, el 40 por ciento de la producci\u00f3n global de petr\u00f3leo y alrededor de 25 por ciento de la exportaci\u00f3n de bienes.<\/p>\n<p>La adhesi\u00f3n de varios pa\u00edses al grupo BRICS como Estados socios muestra que la cooperaci\u00f3n dentro de la agrupaci\u00f3n sale a un nuevo nivel, declar\u00f3 a periodistas la portavoz del Ministerio de Asuntos Exteriores de China Mao Ning.<\/p>\n<p>\u201cLa admisi\u00f3n de los pa\u00edses socios en la familia grande del BRICS marca la salida de la cooperaci\u00f3n del BRICS a un nuevo nivel\u201d, dijo la diplom\u00e1tica.<\/p>\n<p>Mao indic\u00f3 que la influencia del grupo se volvi\u00f3 m\u00e1s evidente, llega a ser una plataforma cada vez m\u00e1s importante para promover la unidad y la cooperaci\u00f3n en el Sur Global.<\/p>\n","protected":false},"excerpt":{"rendered":"<p>Cuba y Bolivia se integrar\u00e1n formalmente al grupo de econom\u00edas emergentes BRICS a partir del 1 de enero de 2025, tras haber concluido su proceso de adhesi\u00f3n. Rusia anunci\u00f3 oficialmente el lunes 23 de diciembre la lista de pa\u00edses asociados al BRICS, luego de recibir las confirmaciones para ser un Estado asociado, estatus que les [&hellip;]<\/p>\n","protected":false},"author":4,"featured_media":46674,"comment_status":"closed","ping_status":"closed","sticky":false,"template":"","format":"standard","meta":{"_jetpack_newsletter_access":"","_jetpack_dont_email_post_to_subs":false,"_jetpack_newsletter_tier_id":0,"_jetpack_memberships_contains_paywalled_content":false,"_jetpack_feature_clip_id":0,"_jetpack_memberships_contains_paid_content":false,"footnotes":"","jetpack_publicize_message":"","jetpack_publicize_feature_enabled":true,"jetpack_social_post_already_shared":true,"jetpack_social_options":{"image_generator_settings":{"template":"highway","default_image_id":0,"font":"","enabled":false},"version":2},"jetpack_post_was_ever_published":false},"categories":[1947],"tags":[],"class_list":["post-46673","post","type-post","status-publish","format-standard","has-post-thumbnail","hentry","category-economia"],"jetpack_publicize_connections":[],"jetpack_sharing_enabled":true,"publishpress_future_action":{"enabled":false,"date":"2026-09-09 11:02:52","action":"change-status","newStatus":"draft","terms":[],"taxonomy":"category","extraData":[]},"publishpress_future_workflow_manual_trigger":{"enabledWorkflows":[]},"jetpack_featured_media_url":"https:\/\/noticiasveracruz.com\/wp-content\/uploads\/2024\/12\/brics-2024-800x445-1.jpg","_links":{"self":[{"href":"https:\/\/noticiasveracruz.com\/index.php\/wp-json\/wp\/v2\/posts\/46673","targetHints":{"allow":["GET"]}}],"collection":[{"href":"https:\/\/noticiasveracruz.com\/index.php\/wp-json\/wp\/v2\/posts"}],"about":[{"href":"https:\/\/noticiasveracruz.com\/index.php\/wp-json\/wp\/v2\/types\/post"}],"author":[{"embeddable":true,"href":"https:\/\/noticiasveracruz.com\/index.php\/wp-json\/wp\/v2\/users\/4"}],"replies":[{"embeddable":true,"href":"https:\/\/noticiasveracruz.com\/index.php\/wp-json\/wp\/v2\/comments?post=46673"}],"version-history":[{"count":0,"href":"https:\/\/noticiasveracruz.com\/index.php\/wp-json\/wp\/v2\/posts\/46673\/revisions"}],"wp:featuredmedia":[{"embeddable":true,"href":"https:\/\/noticiasveracruz.com\/index.php\/wp-json\/wp\/v2\/media\/46674"}],"wp:attachment":[{"href":"https:\/\/noticiasveracruz.com\/index.php\/wp-json\/wp\/v2\/media?parent=46673"}],"wp:term":[{"taxonomy":"category","embeddable":true,"href":"https:\/\/noticiasveracruz.com\/index.php\/wp-json\/wp\/v2\/categories?post=46673"},{"taxonomy":"post_tag","embeddable":true,"href":"https:\/\/noticiasveracruz.com\/index.php\/wp-json\/wp\/v2\/tags?post=46673"}],"curies":[{"name":"wp","href":"https:\/\/api.w.org\/{rel}","templated":true}]}}