{"id":46397,"date":"2024-12-20T00:28:04","date_gmt":"2024-12-20T06:28:04","guid":{"rendered":"https:\/\/noticiasveracruz.com\/?p=46397"},"modified":"2024-12-20T00:28:04","modified_gmt":"2024-12-20T06:28:04","slug":"index-ve-con-reservas-medidas-de-proteccion-a-industria-textil","status":"publish","type":"post","link":"https:\/\/noticiasveracruz.com\/index.php\/2024\/12\/20\/index-ve-con-reservas-medidas-de-proteccion-a-industria-textil\/","title":{"rendered":"Index ve &#8216;con reservas&#8217; medidas de protecci\u00f3n a industria textil"},"content":{"rendered":"<p>Ante el decreto para proteger a la industria textil, el Consejo Nacional de la Industria Manufacturera de Exportaci\u00f3n (Index) dijo avalar los esfuerzos para evitar pr\u00e1cticas il\u00edcitas, pero vio \u201ccon reservas que la medida sea totalmente efectiva\u201d.<\/p>\n<p>El organismo del sector empresarial, que reconoci\u00f3 que se quedan prendas de vestir bajo otras condiciones, \u201csugiri\u00f3\u201d, que este tipo de medidas \u201csean revisadas anticipadamente y a fondo con Index en coordinaci\u00f3n con la Secretar\u00eda de Econom\u00eda (SE) y los representantes de la cadena textil-confecci\u00f3n\u201d.<\/p>\n<p>Sobre el se\u00f1alamiento de que el 48 por ciento de las mercanc\u00edas importadas bajo el programa de la Industria Manufacturera y Maquiladora de Exportaci\u00f3n (IMMEX) no registran retorno, la diferencia se debe a que, si bien los textiles entraron por un cap\u00edtulo definido, a medida que pasaron por un proceso de transformaci\u00f3n, su salida se declara con una fracci\u00f3n diferente a la de entrada.<\/p>\n<p>El organismo empresarial coment\u00f3 que a las empresas exportadoras en otras zonas del pa\u00eds como en el norte y sureste, se les puede afectar con medidas similares a las definidas, pues han se\u00f1alado reestructuras de procesos, ahuyentado las inversiones nuevas y las reinversiones y\u00a0algunos corporativos han tomado la determinaci\u00f3n de trasladar la producci\u00f3n exportadora a otros pa\u00edses.<\/p>\n<p>Humberto Martinez Cant\u00fa, presidente de Index, coment\u00f3 que las propuestas siempre deben ser para impulsar a la industria mexicana y la posici\u00f3n de M\u00e9xico como el principal socio comercial de Estados Unidos.<\/p>\n","protected":false},"excerpt":{"rendered":"<p>Ante el decreto para proteger a la industria textil, el Consejo Nacional de la Industria Manufacturera de Exportaci\u00f3n (Index) dijo avalar los esfuerzos para evitar pr\u00e1cticas il\u00edcitas, pero vio \u201ccon reservas que la medida sea totalmente efectiva\u201d. El organismo del sector empresarial, que reconoci\u00f3 que se quedan prendas de vestir bajo otras condiciones, \u201csugiri\u00f3\u201d, que [&hellip;]<\/p>\n","protected":false},"author":4,"featured_media":46398,"comment_status":"closed","ping_status":"closed","sticky":false,"template":"","format":"standard","meta":{"_jetpack_newsletter_access":"","_jetpack_dont_email_post_to_subs":false,"_jetpack_newsletter_tier_id":0,"_jetpack_memberships_contains_paywalled_content":false,"_jetpack_feature_clip_id":0,"_jetpack_memberships_contains_paid_content":false,"footnotes":"","jetpack_publicize_message":"","jetpack_publicize_feature_enabled":true,"jetpack_social_post_already_shared":true,"jetpack_social_options":{"image_generator_settings":{"template":"highway","default_image_id":0,"font":"","enabled":false},"version":2},"jetpack_post_was_ever_published":false},"categories":[1947],"tags":[],"class_list":["post-46397","post","type-post","status-publish","format-standard","has-post-thumbnail","hentry","category-economia"],"jetpack_publicize_connections":[],"jetpack_sharing_enabled":true,"publishpress_future_action":{"enabled":false,"date":"2026-09-10 11:56:36","action":"change-status","newStatus":"draft","terms":[],"taxonomy":"category","extraData":[]},"publishpress_future_workflow_manual_trigger":{"enabledWorkflows":[]},"jetpack_featured_media_url":"https:\/\/noticiasveracruz.com\/wp-content\/uploads\/2024\/12\/economiamexico.jpg","_links":{"self":[{"href":"https:\/\/noticiasveracruz.com\/index.php\/wp-json\/wp\/v2\/posts\/46397","targetHints":{"allow":["GET"]}}],"collection":[{"href":"https:\/\/noticiasveracruz.com\/index.php\/wp-json\/wp\/v2\/posts"}],"about":[{"href":"https:\/\/noticiasveracruz.com\/index.php\/wp-json\/wp\/v2\/types\/post"}],"author":[{"embeddable":true,"href":"https:\/\/noticiasveracruz.com\/index.php\/wp-json\/wp\/v2\/users\/4"}],"replies":[{"embeddable":true,"href":"https:\/\/noticiasveracruz.com\/index.php\/wp-json\/wp\/v2\/comments?post=46397"}],"version-history":[{"count":0,"href":"https:\/\/noticiasveracruz.com\/index.php\/wp-json\/wp\/v2\/posts\/46397\/revisions"}],"wp:featuredmedia":[{"embeddable":true,"href":"https:\/\/noticiasveracruz.com\/index.php\/wp-json\/wp\/v2\/media\/46398"}],"wp:attachment":[{"href":"https:\/\/noticiasveracruz.com\/index.php\/wp-json\/wp\/v2\/media?parent=46397"}],"wp:term":[{"taxonomy":"category","embeddable":true,"href":"https:\/\/noticiasveracruz.com\/index.php\/wp-json\/wp\/v2\/categories?post=46397"},{"taxonomy":"post_tag","embeddable":true,"href":"https:\/\/noticiasveracruz.com\/index.php\/wp-json\/wp\/v2\/tags?post=46397"}],"curies":[{"name":"wp","href":"https:\/\/api.w.org\/{rel}","templated":true}]}}