{"id":46279,"date":"2024-12-18T00:51:11","date_gmt":"2024-12-18T06:51:11","guid":{"rendered":"https:\/\/noticiasveracruz.com\/?p=46279"},"modified":"2024-12-18T00:51:11","modified_gmt":"2024-12-18T06:51:11","slug":"recomienda-onu-evitar-regreso-a-gran-escala-de-refugiados-a-siria","status":"publish","type":"post","link":"https:\/\/noticiasveracruz.com\/index.php\/2024\/12\/18\/recomienda-onu-evitar-regreso-a-gran-escala-de-refugiados-a-siria\/","title":{"rendered":"Recomienda ONU evitar regreso a gran escala de refugiados a Siria"},"content":{"rendered":"<p><em>Beirut, L\u00edbano.<\/em>\u00a0La directora de la Organizaci\u00f3n Internacional para las Migraciones (OIM), Amy Pope, dijo el martes que la agencia de la ONU desaconseja el regreso a gran escala de refugiados a Siria antes de que la situaci\u00f3n se haya estabilizado.<\/p>\n<p>\u00abLa gente tiene derecho a regresar a casa (&#8230;) pero no estamos aconsejando un regreso a gran escala (&#8230;) el sistema no puede soportar esta afluencia\u00bb, dijo Pope a AFP durante una visita a L\u00edbano, asegurando que por el momento \u00abenviar a la gente de regreso solo desestabilizar\u00e1 a\u00fan m\u00e1s el pa\u00eds\u00bb.<\/p>\n","protected":false},"excerpt":{"rendered":"<p>Beirut, L\u00edbano.\u00a0La directora de la Organizaci\u00f3n Internacional para las Migraciones (OIM), Amy Pope, dijo el martes que la agencia de la ONU desaconseja el regreso a gran escala de refugiados a Siria antes de que la situaci\u00f3n se haya estabilizado. \u00abLa gente tiene derecho a regresar a casa (&#8230;) pero no estamos aconsejando un regreso [&hellip;]<\/p>\n","protected":false},"author":4,"featured_media":46280,"comment_status":"closed","ping_status":"closed","sticky":false,"template":"","format":"standard","meta":{"_jetpack_newsletter_access":"","_jetpack_dont_email_post_to_subs":false,"_jetpack_newsletter_tier_id":0,"_jetpack_memberships_contains_paywalled_content":false,"_jetpack_feature_clip_id":0,"_jetpack_memberships_contains_paid_content":false,"footnotes":"","jetpack_publicize_message":"","jetpack_publicize_feature_enabled":true,"jetpack_social_post_already_shared":true,"jetpack_social_options":{"image_generator_settings":{"template":"highway","default_image_id":0,"font":"","enabled":false},"version":2},"jetpack_post_was_ever_published":false},"categories":[355],"tags":[],"class_list":["post-46279","post","type-post","status-publish","format-standard","has-post-thumbnail","hentry","category-internacional"],"jetpack_publicize_connections":[],"jetpack_sharing_enabled":true,"publishpress_future_action":{"enabled":false,"date":"2026-09-08 16:23:22","action":"change-status","newStatus":"draft","terms":[],"taxonomy":"category","extraData":[]},"publishpress_future_workflow_manual_trigger":{"enabledWorkflows":[]},"jetpack_featured_media_url":"https:\/\/noticiasveracruz.com\/wp-content\/uploads\/2024\/12\/a1-refugiados-siria-2-focus-0-0-750-440.jpg","_links":{"self":[{"href":"https:\/\/noticiasveracruz.com\/index.php\/wp-json\/wp\/v2\/posts\/46279","targetHints":{"allow":["GET"]}}],"collection":[{"href":"https:\/\/noticiasveracruz.com\/index.php\/wp-json\/wp\/v2\/posts"}],"about":[{"href":"https:\/\/noticiasveracruz.com\/index.php\/wp-json\/wp\/v2\/types\/post"}],"author":[{"embeddable":true,"href":"https:\/\/noticiasveracruz.com\/index.php\/wp-json\/wp\/v2\/users\/4"}],"replies":[{"embeddable":true,"href":"https:\/\/noticiasveracruz.com\/index.php\/wp-json\/wp\/v2\/comments?post=46279"}],"version-history":[{"count":0,"href":"https:\/\/noticiasveracruz.com\/index.php\/wp-json\/wp\/v2\/posts\/46279\/revisions"}],"wp:featuredmedia":[{"embeddable":true,"href":"https:\/\/noticiasveracruz.com\/index.php\/wp-json\/wp\/v2\/media\/46280"}],"wp:attachment":[{"href":"https:\/\/noticiasveracruz.com\/index.php\/wp-json\/wp\/v2\/media?parent=46279"}],"wp:term":[{"taxonomy":"category","embeddable":true,"href":"https:\/\/noticiasveracruz.com\/index.php\/wp-json\/wp\/v2\/categories?post=46279"},{"taxonomy":"post_tag","embeddable":true,"href":"https:\/\/noticiasveracruz.com\/index.php\/wp-json\/wp\/v2\/tags?post=46279"}],"curies":[{"name":"wp","href":"https:\/\/api.w.org\/{rel}","templated":true}]}}