{"id":46212,"date":"2024-12-17T16:04:22","date_gmt":"2024-12-17T22:04:22","guid":{"rendered":"https:\/\/noticiasveracruz.com\/?p=46212"},"modified":"2024-12-17T16:04:22","modified_gmt":"2024-12-17T22:04:22","slug":"conceden-suspension-provisional-a-corral-contra-ordenes-de-captura","status":"publish","type":"post","link":"https:\/\/noticiasveracruz.com\/index.php\/2024\/12\/17\/conceden-suspension-provisional-a-corral-contra-ordenes-de-captura\/","title":{"rendered":"Conceden suspensi\u00f3n provisional a Corral contra \u00f3rdenes de captura"},"content":{"rendered":"<p class=\"western\">El juzgado quinto de distrito en materia penal, con sede en la Ciudad de M\u00e9xico, concedi\u00f3 una suspensi\u00f3n provisional al ex gobernador de Chihuahua y actual senador de la Rep\u00fablica, Javier Corral Jurado, para que no ejecuten las \u00f3rdenes de aprehensi\u00f3n que se hayan librado en su contra por parte de autoridades del estado de Chihuahua.<\/p>\n<p class=\"western\">De acuerdo con la lista de acuerdos del Consejo de la Judicatura Federal, la justicia federal le concedi\u00f3 al legislador de Morena la protecci\u00f3n y con ello ratific\u00f3 la medida cautelar dictada desde el 26 de noviembre de este a\u00f1o, par que no se cumplimenten las \u00f3rdenes de aprehensi\u00f3n o reaprehensi\u00f3n libradas por jueces con sede en Chihuahua.<\/p>\n<p class=\"western\">En ese contexto, el acuerdo judicial solicit\u00f3 a las autoridades se\u00f1aladas un \u201cinforme justificado\u201d respecto de las resoluciones judiciales y de manera concreta solicitadas por la Fiscal\u00eda Anticorrupci\u00f3n de Chihuahua por el presunto desv\u00edo de 98.6 millones de pesos, usados en la contrataci\u00f3n de un despacho para reestructurar la deuda p\u00fablica estatal.<\/p>\n<p class=\"western\">En agosto pasado personal de la Fiscal\u00eda Anticorrupci\u00f3n de Chihuahua intent\u00f3 detener a Corral Jurado en el restaurante Gin Gin de la colonia Roma, en la Ciudad de M\u00e9xico, pero su aprehensi\u00f3n fue evitada por el encargado de despacho de la Fiscal\u00eda General de Justicia de la Ciudad de M\u00e9xico, Ulises Lara.<\/p>\n<p class=\"western\">En la resoluci\u00f3n dictada por el juzgado federal se considera que por ser senador de la Rep\u00fablica, Javier Corral tiene fuero constitucional, por lo que determin\u00f3 conceder \u201cla suspensi\u00f3n provisional al quejoso, para el efecto de que las cosas se mantengan en el estado que guardan y no sea privado de su libertad con motivo de las \u00f3rdenes de aprehensi\u00f3n y\/o reaprehensi\u00f3n, comparecencia y\/o b\u00fasqueda y\/o localizaci\u00f3n y\/o presentaci\u00f3n, as\u00ed como su ejecuci\u00f3n, que reclama de las autoridades se\u00f1aladas como responsables, hasta en tanto se notifique a las autoridades responsables la resoluci\u00f3n que se dicte sobre la suspensi\u00f3n definitiva\u201d.<\/p>\n","protected":false},"excerpt":{"rendered":"<p>El juzgado quinto de distrito en materia penal, con sede en la Ciudad de M\u00e9xico, concedi\u00f3 una suspensi\u00f3n provisional al<\/p>\n","protected":false},"author":4,"featured_media":46213,"comment_status":"closed","ping_status":"closed","sticky":false,"template":"","format":"standard","meta":{"colormag_page_container_layout":"default_layout","colormag_page_sidebar_layout":"default_layout","_jetpack_memberships_contains_paid_content":false,"footnotes":"","jetpack_publicize_message":"","jetpack_publicize_feature_enabled":true,"jetpack_social_post_already_shared":true,"jetpack_social_options":{"image_generator_settings":{"template":"highway","default_image_id":0,"font":"","enabled":false},"version":2}},"categories":[4],"tags":[],"class_list":["post-46212","post","type-post","status-publish","format-standard","has-post-thumbnail","hentry","category-nacional"],"jetpack_publicize_connections":[],"jetpack_featured_media_url":"https:\/\/noticiasveracruz.com\/wp-content\/uploads\/2024\/12\/javier-corral-suspension-provisional-orden-aprehension.jpg","jetpack_sharing_enabled":true,"publishpress_future_action":{"enabled":false,"date":"2026-05-08 09:34:06","action":"change-status","newStatus":"draft","terms":[],"taxonomy":"category","extraData":[]},"publishpress_future_workflow_manual_trigger":{"enabledWorkflows":[]},"_links":{"self":[{"href":"https:\/\/noticiasveracruz.com\/index.php\/wp-json\/wp\/v2\/posts\/46212","targetHints":{"allow":["GET"]}}],"collection":[{"href":"https:\/\/noticiasveracruz.com\/index.php\/wp-json\/wp\/v2\/posts"}],"about":[{"href":"https:\/\/noticiasveracruz.com\/index.php\/wp-json\/wp\/v2\/types\/post"}],"author":[{"embeddable":true,"href":"https:\/\/noticiasveracruz.com\/index.php\/wp-json\/wp\/v2\/users\/4"}],"replies":[{"embeddable":true,"href":"https:\/\/noticiasveracruz.com\/index.php\/wp-json\/wp\/v2\/comments?post=46212"}],"version-history":[{"count":0,"href":"https:\/\/noticiasveracruz.com\/index.php\/wp-json\/wp\/v2\/posts\/46212\/revisions"}],"wp:featuredmedia":[{"embeddable":true,"href":"https:\/\/noticiasveracruz.com\/index.php\/wp-json\/wp\/v2\/media\/46213"}],"wp:attachment":[{"href":"https:\/\/noticiasveracruz.com\/index.php\/wp-json\/wp\/v2\/media?parent=46212"}],"wp:term":[{"taxonomy":"category","embeddable":true,"href":"https:\/\/noticiasveracruz.com\/index.php\/wp-json\/wp\/v2\/categories?post=46212"},{"taxonomy":"post_tag","embeddable":true,"href":"https:\/\/noticiasveracruz.com\/index.php\/wp-json\/wp\/v2\/tags?post=46212"}],"curies":[{"name":"wp","href":"https:\/\/api.w.org\/{rel}","templated":true}]}}