{"id":46057,"date":"2024-12-16T00:12:43","date_gmt":"2024-12-16T06:12:43","guid":{"rendered":"https:\/\/noticiasveracruz.com\/?p=46057"},"modified":"2024-12-16T00:12:43","modified_gmt":"2024-12-16T06:12:43","slug":"anuncian-la-construccion-de-un-centro-de-atencion-multiple-en-tepetzintla","status":"publish","type":"post","link":"https:\/\/noticiasveracruz.com\/index.php\/2024\/12\/16\/anuncian-la-construccion-de-un-centro-de-atencion-multiple-en-tepetzintla\/","title":{"rendered":"Anuncian la construcci\u00f3n de un Centro de Atenci\u00f3n M\u00faltiple en Tepetzintla"},"content":{"rendered":"<p>En un paso significativo hacia la inclusi\u00f3n educativa, la gobernadora Roc\u00edo Nahle Garc\u00eda dio a conocer el proyecto de construcci\u00f3n de un Centro de Atenci\u00f3n M\u00faltiple (CAM) en el municipio de Tepetzintla, el cual comenzar\u00e1 en 2025. La obra se llevar\u00e1 a cabo en un terreno de dos hect\u00e1reas, donado por el Ayuntamiento local, y contar\u00e1 con el apoyo de las Secretar\u00edas de Educaci\u00f3n y de Infraestructura y Obras P\u00fablicas del estado.<\/p>\n<p>Este proyecto responde a una petici\u00f3n de familias locales, como la de Esperanza Contreras Alc\u00e1ntara, abuela de la ni\u00f1a Ana Nicole, quien solicit\u00f3 una escuela especial para evitar los largos traslados a Tuxpan. Nahle agradeci\u00f3 al alcalde Roberto Miguel Galv\u00e1n por su apoyo y destac\u00f3 la importancia de ofrecer una educaci\u00f3n de calidad cerca de las familias de la regi\u00f3n.<\/p>\n<p>La gobernadora tambi\u00e9n instruy\u00f3 a la Secretar\u00eda de Salud a realizar estudios en la zona para identificar las posibles causas de discapacidad en la regi\u00f3n. \u00abEs fundamental garantizar que nuestros ni\u00f1os y ni\u00f1as reciban el apoyo que necesitan. Son un regalo para sus familias y debemos darles lo que merecen\u00bb, expres\u00f3 Nahle.<\/p>\n<p>Roc\u00edo Nahle reafirm\u00f3 su compromiso con una educaci\u00f3n inclusiva y prometi\u00f3 que trabajar\u00e1 para que todos los municipios, sin importar su tama\u00f1o, reciban recursos y atenci\u00f3n equitativa. Adem\u00e1s, anunci\u00f3 la eliminaci\u00f3n de las inscripciones en los institutos tecnol\u00f3gicos del estado y la entrega de cinco mil becas para estudiantes de bajos recursos, buscando hacer la educaci\u00f3n superior m\u00e1s accesible.<\/p>\n<p>Por su parte, Claudia Tello Espinosa, titular de la Secretar\u00eda de Educaci\u00f3n de Veracruz (SEV), destac\u00f3 la importancia del CAM para la inclusi\u00f3n social, ya que apoyar\u00e1 a estudiantes con discapacidades, altas aptitudes, trastornos del espectro autista y dificultades de aprendizaje. Tello enfatiz\u00f3 que los CAM no solo benefician a los estudiantes, sino que tambi\u00e9n brindan orientaci\u00f3n a los padres para promover el desarrollo integral de los ni\u00f1os.<\/p>\n<p>Este anuncio fue respaldado por senadores, diputados federales y locales, y miembros del gabinete estatal, quienes acompa\u00f1aron a la gobernadora en este avance importante para la educaci\u00f3n en Veracruz.<\/p>\n","protected":false},"excerpt":{"rendered":"<p>En un paso significativo hacia la inclusi\u00f3n educativa, la gobernadora Roc\u00edo Nahle Garc\u00eda dio a conocer el proyecto de construcci\u00f3n<\/p>\n","protected":false},"author":4,"featured_media":46058,"comment_status":"closed","ping_status":"closed","sticky":false,"template":"","format":"standard","meta":{"colormag_page_container_layout":"default_layout","colormag_page_sidebar_layout":"default_layout","_jetpack_memberships_contains_paid_content":false,"footnotes":"","jetpack_publicize_message":"","jetpack_publicize_feature_enabled":true,"jetpack_social_post_already_shared":true,"jetpack_social_options":{"image_generator_settings":{"template":"highway","default_image_id":0,"font":"","enabled":false},"version":2}},"categories":[356],"tags":[],"class_list":["post-46057","post","type-post","status-publish","format-standard","has-post-thumbnail","hentry","category-veracruz"],"jetpack_publicize_connections":[],"jetpack_featured_media_url":"https:\/\/noticiasveracruz.com\/wp-content\/uploads\/2024\/12\/Anuncia-Gobernadora-Nahle-construccion-de-un-Centro-de-Atencion-Multiple-CAM-en-Tepetzintla.jpeg","jetpack_sharing_enabled":true,"publishpress_future_action":{"enabled":false,"date":"2026-05-08 11:17:31","action":"change-status","newStatus":"draft","terms":[],"taxonomy":"category","extraData":[]},"publishpress_future_workflow_manual_trigger":{"enabledWorkflows":[]},"_links":{"self":[{"href":"https:\/\/noticiasveracruz.com\/index.php\/wp-json\/wp\/v2\/posts\/46057","targetHints":{"allow":["GET"]}}],"collection":[{"href":"https:\/\/noticiasveracruz.com\/index.php\/wp-json\/wp\/v2\/posts"}],"about":[{"href":"https:\/\/noticiasveracruz.com\/index.php\/wp-json\/wp\/v2\/types\/post"}],"author":[{"embeddable":true,"href":"https:\/\/noticiasveracruz.com\/index.php\/wp-json\/wp\/v2\/users\/4"}],"replies":[{"embeddable":true,"href":"https:\/\/noticiasveracruz.com\/index.php\/wp-json\/wp\/v2\/comments?post=46057"}],"version-history":[{"count":0,"href":"https:\/\/noticiasveracruz.com\/index.php\/wp-json\/wp\/v2\/posts\/46057\/revisions"}],"wp:featuredmedia":[{"embeddable":true,"href":"https:\/\/noticiasveracruz.com\/index.php\/wp-json\/wp\/v2\/media\/46058"}],"wp:attachment":[{"href":"https:\/\/noticiasveracruz.com\/index.php\/wp-json\/wp\/v2\/media?parent=46057"}],"wp:term":[{"taxonomy":"category","embeddable":true,"href":"https:\/\/noticiasveracruz.com\/index.php\/wp-json\/wp\/v2\/categories?post=46057"},{"taxonomy":"post_tag","embeddable":true,"href":"https:\/\/noticiasveracruz.com\/index.php\/wp-json\/wp\/v2\/tags?post=46057"}],"curies":[{"name":"wp","href":"https:\/\/api.w.org\/{rel}","templated":true}]}}