{"id":46051,"date":"2024-12-16T00:09:45","date_gmt":"2024-12-16T06:09:45","guid":{"rendered":"https:\/\/noticiasveracruz.com\/?p=46051"},"modified":"2024-12-16T00:09:45","modified_gmt":"2024-12-16T06:09:45","slug":"anuncian-becas-y-eliminacion-de-pagos-en-tecnologicos-para-estudiantes-de-veracruz","status":"publish","type":"post","link":"https:\/\/noticiasveracruz.com\/index.php\/2024\/12\/16\/anuncian-becas-y-eliminacion-de-pagos-en-tecnologicos-para-estudiantes-de-veracruz\/","title":{"rendered":"Anuncian becas y eliminaci\u00f3n de pagos en tecnol\u00f3gicos para estudiantes de Veracruz"},"content":{"rendered":"<p>La gobernadora de Veracruz, Roc\u00edo Nahle Garc\u00eda, present\u00f3 un nuevo programa de becas dirigido a 5 mil estudiantes universitarios de escasos recursos, con pagos bimestrales para apoyar su preparaci\u00f3n acad\u00e9mica. Adem\u00e1s, anunci\u00f3 la eliminaci\u00f3n del pago de inscripciones para estudiantes de los tecnol\u00f3gicos del estado.<\/p>\n<p>Durante su mensaje, Nahle Garc\u00eda destac\u00f3 que estas medidas buscan garantizar el acceso a la educaci\u00f3n y combatir la deserci\u00f3n escolar. \u201cEs un derecho que nuestros j\u00f3venes puedan continuar prepar\u00e1ndose. Estas becas, adem\u00e1s de las federales, son un apoyo directo del Gobierno del Estado a los estudiantes de los Tecnol\u00f3gicos\u201d, afirm\u00f3.<\/p>\n<p>La mandataria tambi\u00e9n adelant\u00f3 que se implementar\u00e1 un programa similar para otorgar becas a ni\u00f1as y ni\u00f1os de preescolar en situaci\u00f3n vulnerable.<\/p>\n<p>Por otro lado, inform\u00f3 sobre el programa\u00a0<em>Nunca es tarde para aprender<\/em>, una estrategia enfocada en erradicar el analfabetismo en el estado. Con n\u00facleos de alfabetizaci\u00f3n en comunidades, apoyados por maestros indigenistas, se busca enfrentar este problema en los pr\u00f3ximos seis a\u00f1os, ya que Veracruz ocupa actualmente el primer lugar en analfabetismo a nivel nacional.<\/p>\n","protected":false},"excerpt":{"rendered":"<p>La gobernadora de Veracruz, Roc\u00edo Nahle Garc\u00eda, present\u00f3 un nuevo programa de becas dirigido a 5 mil estudiantes universitarios de<\/p>\n","protected":false},"author":4,"featured_media":46052,"comment_status":"closed","ping_status":"closed","sticky":false,"template":"","format":"standard","meta":{"colormag_page_container_layout":"default_layout","colormag_page_sidebar_layout":"default_layout","_jetpack_memberships_contains_paid_content":false,"footnotes":"","jetpack_publicize_message":"","jetpack_publicize_feature_enabled":true,"jetpack_social_post_already_shared":true,"jetpack_social_options":{"image_generator_settings":{"template":"highway","default_image_id":0,"font":"","enabled":false},"version":2}},"categories":[356],"tags":[],"class_list":["post-46051","post","type-post","status-publish","format-standard","has-post-thumbnail","hentry","category-veracruz"],"jetpack_publicize_connections":[],"jetpack_featured_media_url":"https:\/\/noticiasveracruz.com\/wp-content\/uploads\/2024\/12\/WhatsApp-Image-2024-12-15-at-15.16.33-1.jpeg","jetpack_sharing_enabled":true,"publishpress_future_action":{"enabled":false,"date":"2026-05-08 09:36:55","action":"change-status","newStatus":"draft","terms":[],"taxonomy":"category","extraData":[]},"publishpress_future_workflow_manual_trigger":{"enabledWorkflows":[]},"_links":{"self":[{"href":"https:\/\/noticiasveracruz.com\/index.php\/wp-json\/wp\/v2\/posts\/46051","targetHints":{"allow":["GET"]}}],"collection":[{"href":"https:\/\/noticiasveracruz.com\/index.php\/wp-json\/wp\/v2\/posts"}],"about":[{"href":"https:\/\/noticiasveracruz.com\/index.php\/wp-json\/wp\/v2\/types\/post"}],"author":[{"embeddable":true,"href":"https:\/\/noticiasveracruz.com\/index.php\/wp-json\/wp\/v2\/users\/4"}],"replies":[{"embeddable":true,"href":"https:\/\/noticiasveracruz.com\/index.php\/wp-json\/wp\/v2\/comments?post=46051"}],"version-history":[{"count":0,"href":"https:\/\/noticiasveracruz.com\/index.php\/wp-json\/wp\/v2\/posts\/46051\/revisions"}],"wp:featuredmedia":[{"embeddable":true,"href":"https:\/\/noticiasveracruz.com\/index.php\/wp-json\/wp\/v2\/media\/46052"}],"wp:attachment":[{"href":"https:\/\/noticiasveracruz.com\/index.php\/wp-json\/wp\/v2\/media?parent=46051"}],"wp:term":[{"taxonomy":"category","embeddable":true,"href":"https:\/\/noticiasveracruz.com\/index.php\/wp-json\/wp\/v2\/categories?post=46051"},{"taxonomy":"post_tag","embeddable":true,"href":"https:\/\/noticiasveracruz.com\/index.php\/wp-json\/wp\/v2\/tags?post=46051"}],"curies":[{"name":"wp","href":"https:\/\/api.w.org\/{rel}","templated":true}]}}