{"id":46048,"date":"2024-12-16T00:07:51","date_gmt":"2024-12-16T06:07:51","guid":{"rendered":"https:\/\/noticiasveracruz.com\/?p=46048"},"modified":"2024-12-16T00:07:51","modified_gmt":"2024-12-16T06:07:51","slug":"veracruzanos-avanzan-en-proceso-de-seleccion-para-el-poder-judicial-federal","status":"publish","type":"post","link":"https:\/\/noticiasveracruz.com\/index.php\/2024\/12\/16\/veracruzanos-avanzan-en-proceso-de-seleccion-para-el-poder-judicial-federal\/","title":{"rendered":"Veracruzanos avanzan en proceso de selecci\u00f3n para el Poder Judicial Federal"},"content":{"rendered":"<p>Este domingo se publicaron las listas de aspirantes que contin\u00faan en el proceso de renovaci\u00f3n de jueces, ministros y magistrados del Poder Judicial Federal, incluyendo a diversos veracruzanos que pasan ahora a la t\u00f3mbola, la cual definir\u00e1 si son candidatos en la elecci\u00f3n del 1 de junio de 2025.<\/p>\n<p>En las listas iniciales figuraban casi 600 abogados de Veracruz, pero ahora solo 130 lograron acreditar experiencia, conocimientos y preparaci\u00f3n, seg\u00fan los comit\u00e9s de evaluaci\u00f3n del Poder Judicial y del Poder Ejecutivo.<\/p>\n<p>Entre los aspirantes a ministros destacan el exprocurador Eduardo Andrade S\u00e1nchez y la exprocuradora Lutgarda Madrigal Valdez. En la elecci\u00f3n para magistrado del Tribunal de Disciplina Judicial figuran Denisse de los \u00c1ngeles Uribe Obreg\u00f3n y Aylet Garc\u00eda Cayetano.<\/p>\n<p>Para el Tribunal de Apelaciones resalta Lizbeth Hern\u00e1ndez Ribbon, mientras que Roberto L\u00f3pez P\u00e9rez, Humberto Oliverio Hern\u00e1ndez Reducindo e Itzel Castro Castillo buscan ser candidatos a magistrados federales.<\/p>\n<p>Tania Celina Mu\u00f1oz V\u00e1zquez, actual presidenta del Tribunal Electoral de Veracruz, aspira a la Sala Regional del Tribunal Electoral Federal. Por su parte, H\u00e9ctor Viveros D\u00edaz de la Vega Mart\u00ednez y Arturo Nicol\u00e1s Baltazar figuran entre los aspirantes a jueces federales.<\/p>\n","protected":false},"excerpt":{"rendered":"<p>Este domingo se publicaron las listas de aspirantes que contin\u00faan en el proceso de renovaci\u00f3n de jueces, ministros y magistrados<\/p>\n","protected":false},"author":4,"featured_media":46049,"comment_status":"closed","ping_status":"closed","sticky":false,"template":"","format":"standard","meta":{"colormag_page_container_layout":"default_layout","colormag_page_sidebar_layout":"default_layout","_jetpack_memberships_contains_paid_content":false,"footnotes":"","jetpack_publicize_message":"","jetpack_publicize_feature_enabled":true,"jetpack_social_post_already_shared":true,"jetpack_social_options":{"image_generator_settings":{"template":"highway","default_image_id":0,"font":"","enabled":false},"version":2}},"categories":[356],"tags":[],"class_list":["post-46048","post","type-post","status-publish","format-standard","has-post-thumbnail","hentry","category-veracruz"],"jetpack_publicize_connections":[],"jetpack_featured_media_url":"https:\/\/noticiasveracruz.com\/wp-content\/uploads\/2024\/12\/null_68683eae-61cb-4a94-bef1-732dc4044492.jpg","jetpack_sharing_enabled":true,"publishpress_future_action":{"enabled":false,"date":"2026-05-08 09:34:06","action":"change-status","newStatus":"draft","terms":[],"taxonomy":"category","extraData":[]},"publishpress_future_workflow_manual_trigger":{"enabledWorkflows":[]},"_links":{"self":[{"href":"https:\/\/noticiasveracruz.com\/index.php\/wp-json\/wp\/v2\/posts\/46048","targetHints":{"allow":["GET"]}}],"collection":[{"href":"https:\/\/noticiasveracruz.com\/index.php\/wp-json\/wp\/v2\/posts"}],"about":[{"href":"https:\/\/noticiasveracruz.com\/index.php\/wp-json\/wp\/v2\/types\/post"}],"author":[{"embeddable":true,"href":"https:\/\/noticiasveracruz.com\/index.php\/wp-json\/wp\/v2\/users\/4"}],"replies":[{"embeddable":true,"href":"https:\/\/noticiasveracruz.com\/index.php\/wp-json\/wp\/v2\/comments?post=46048"}],"version-history":[{"count":0,"href":"https:\/\/noticiasveracruz.com\/index.php\/wp-json\/wp\/v2\/posts\/46048\/revisions"}],"wp:featuredmedia":[{"embeddable":true,"href":"https:\/\/noticiasveracruz.com\/index.php\/wp-json\/wp\/v2\/media\/46049"}],"wp:attachment":[{"href":"https:\/\/noticiasveracruz.com\/index.php\/wp-json\/wp\/v2\/media?parent=46048"}],"wp:term":[{"taxonomy":"category","embeddable":true,"href":"https:\/\/noticiasveracruz.com\/index.php\/wp-json\/wp\/v2\/categories?post=46048"},{"taxonomy":"post_tag","embeddable":true,"href":"https:\/\/noticiasveracruz.com\/index.php\/wp-json\/wp\/v2\/tags?post=46048"}],"curies":[{"name":"wp","href":"https:\/\/api.w.org\/{rel}","templated":true}]}}