{"id":46034,"date":"2024-12-15T14:35:50","date_gmt":"2024-12-15T20:35:50","guid":{"rendered":"https:\/\/noticiasveracruz.com\/?p=46034"},"modified":"2024-12-15T14:35:50","modified_gmt":"2024-12-15T20:35:50","slug":"personal-del-ayuntamiento-de-tuxpan-sedena-sociedad-civil-y-prestadores-de-servicios-realizaron-limpieza-de-playas","status":"publish","type":"post","link":"https:\/\/noticiasveracruz.com\/index.php\/2024\/12\/15\/personal-del-ayuntamiento-de-tuxpan-sedena-sociedad-civil-y-prestadores-de-servicios-realizaron-limpieza-de-playas\/","title":{"rendered":"Personal del Ayuntamiento de Tuxpan, SEDENA, sociedad civil y prestadores de servicios realizaron limpieza de playas"},"content":{"rendered":"<p>\u2022 Tambi\u00e9n se atendi\u00f3 el \u00e1rea de palapas afectada por un incendio.<\/p>\n<p><img loading=\"lazy\" decoding=\"async\" class=\"alignnone size-medium wp-image-46046\" src=\"http:\/\/noticiasveracruz.com\/wp-content\/uploads\/2024\/12\/WhatsApp-Image-2024-12-15-at-14.16.29-300x200.jpeg\" alt=\"\" width=\"300\" height=\"200\" srcset=\"https:\/\/noticiasveracruz.com\/wp-content\/uploads\/2024\/12\/WhatsApp-Image-2024-12-15-at-14.16.29-300x200.jpeg 300w, https:\/\/noticiasveracruz.com\/wp-content\/uploads\/2024\/12\/WhatsApp-Image-2024-12-15-at-14.16.29-1024x682.jpeg 1024w, https:\/\/noticiasveracruz.com\/wp-content\/uploads\/2024\/12\/WhatsApp-Image-2024-12-15-at-14.16.29-768x512.jpeg 768w, https:\/\/noticiasveracruz.com\/wp-content\/uploads\/2024\/12\/WhatsApp-Image-2024-12-15-at-14.16.29-1536x1023.jpeg 1536w, https:\/\/noticiasveracruz.com\/wp-content\/uploads\/2024\/12\/WhatsApp-Image-2024-12-15-at-14.16.29.jpeg 1600w\" sizes=\"auto, (max-width: 300px) 100vw, 300px\" \/><\/p>\n<p>Tuxpan, Ver., 15 de diciembre de 2024.- Personal del Ayuntamiento de Tuxpan, de la Secretar\u00eda de la Defensa Nacional (SEDENA), sociedad civil y prestadores de servicios realizaron este domingo trabajos de limpieza en las playas y en el \u00e1rea de palapas que fue da\u00f1ada por un incendio.<\/p>\n<p><img loading=\"lazy\" decoding=\"async\" class=\"alignnone size-medium wp-image-46043\" src=\"http:\/\/noticiasveracruz.com\/wp-content\/uploads\/2024\/12\/WhatsApp-Image-2024-12-15-at-14.16.28-3-300x200.jpeg\" alt=\"\" width=\"300\" height=\"200\" srcset=\"https:\/\/noticiasveracruz.com\/wp-content\/uploads\/2024\/12\/WhatsApp-Image-2024-12-15-at-14.16.28-3-300x200.jpeg 300w, https:\/\/noticiasveracruz.com\/wp-content\/uploads\/2024\/12\/WhatsApp-Image-2024-12-15-at-14.16.28-3-1024x682.jpeg 1024w, https:\/\/noticiasveracruz.com\/wp-content\/uploads\/2024\/12\/WhatsApp-Image-2024-12-15-at-14.16.28-3-768x512.jpeg 768w, https:\/\/noticiasveracruz.com\/wp-content\/uploads\/2024\/12\/WhatsApp-Image-2024-12-15-at-14.16.28-3-1536x1023.jpeg 1536w, https:\/\/noticiasveracruz.com\/wp-content\/uploads\/2024\/12\/WhatsApp-Image-2024-12-15-at-14.16.28-3.jpeg 1600w\" sizes=\"auto, (max-width: 300px) 100vw, 300px\" \/><\/p>\n<p>En cumplimiento a las instrucciones del alcalde Dr. Jes\u00fas Fomperoza Torres, el Secretario T\u00e9cnico, directores, coordinadores y personal del Ayuntamiento se coordin\u00f3 con los mandos y elementos militares para limpiar de Barra Norte a Playa Azul.<\/p>\n<p><img loading=\"lazy\" decoding=\"async\" class=\"alignnone size-medium wp-image-46040\" src=\"http:\/\/noticiasveracruz.com\/wp-content\/uploads\/2024\/12\/WhatsApp-Image-2024-12-15-at-14.16.27-300x200.jpeg\" alt=\"\" width=\"300\" height=\"200\" srcset=\"https:\/\/noticiasveracruz.com\/wp-content\/uploads\/2024\/12\/WhatsApp-Image-2024-12-15-at-14.16.27-300x200.jpeg 300w, https:\/\/noticiasveracruz.com\/wp-content\/uploads\/2024\/12\/WhatsApp-Image-2024-12-15-at-14.16.27-1024x681.jpeg 1024w, https:\/\/noticiasveracruz.com\/wp-content\/uploads\/2024\/12\/WhatsApp-Image-2024-12-15-at-14.16.27-768x511.jpeg 768w, https:\/\/noticiasveracruz.com\/wp-content\/uploads\/2024\/12\/WhatsApp-Image-2024-12-15-at-14.16.27-1536x1021.jpeg 1536w, https:\/\/noticiasveracruz.com\/wp-content\/uploads\/2024\/12\/WhatsApp-Image-2024-12-15-at-14.16.27.jpeg 1600w\" sizes=\"auto, (max-width: 300px) 100vw, 300px\" \/><\/p>\n<p>Adem\u00e1s de desechos s\u00f3lidos, tambi\u00e9n se retir\u00f3 de la zona tur\u00edstica una gran cantidad de palizada. Para ello fue necesario utilizar maquinaria pesada y camiones de volteo de Obras P\u00fablicas.<\/p>\n<p><img loading=\"lazy\" decoding=\"async\" class=\"alignnone size-medium wp-image-46035\" src=\"http:\/\/noticiasveracruz.com\/wp-content\/uploads\/2024\/12\/WhatsApp-Image-2024-12-15-at-14.16.26-300x264.jpeg\" alt=\"\" width=\"300\" height=\"264\" srcset=\"https:\/\/noticiasveracruz.com\/wp-content\/uploads\/2024\/12\/WhatsApp-Image-2024-12-15-at-14.16.26-300x264.jpeg 300w, https:\/\/noticiasveracruz.com\/wp-content\/uploads\/2024\/12\/WhatsApp-Image-2024-12-15-at-14.16.26-1024x902.jpeg 1024w, https:\/\/noticiasveracruz.com\/wp-content\/uploads\/2024\/12\/WhatsApp-Image-2024-12-15-at-14.16.26-768x677.jpeg 768w, https:\/\/noticiasveracruz.com\/wp-content\/uploads\/2024\/12\/WhatsApp-Image-2024-12-15-at-14.16.26-1536x1354.jpeg 1536w, https:\/\/noticiasveracruz.com\/wp-content\/uploads\/2024\/12\/WhatsApp-Image-2024-12-15-at-14.16.26.jpeg 1600w\" sizes=\"auto, (max-width: 300px) 100vw, 300px\" \/><\/p>\n<p>Con la ayuda de una retroexcavadora se movi\u00f3 del lugar el otate y la palma que se quem\u00f3 durante el incendio en las palapas. En forma paralela se efectu\u00f3 una limpieza intensiva en el punto del siniestro.<\/p>\n<p><img loading=\"lazy\" decoding=\"async\" class=\"alignnone size-medium wp-image-46042\" src=\"http:\/\/noticiasveracruz.com\/wp-content\/uploads\/2024\/12\/WhatsApp-Image-2024-12-15-at-14.16.28-2-300x200.jpeg\" alt=\"\" width=\"300\" height=\"200\" srcset=\"https:\/\/noticiasveracruz.com\/wp-content\/uploads\/2024\/12\/WhatsApp-Image-2024-12-15-at-14.16.28-2-300x200.jpeg 300w, https:\/\/noticiasveracruz.com\/wp-content\/uploads\/2024\/12\/WhatsApp-Image-2024-12-15-at-14.16.28-2-1024x681.jpeg 1024w, https:\/\/noticiasveracruz.com\/wp-content\/uploads\/2024\/12\/WhatsApp-Image-2024-12-15-at-14.16.28-2-768x511.jpeg 768w, https:\/\/noticiasveracruz.com\/wp-content\/uploads\/2024\/12\/WhatsApp-Image-2024-12-15-at-14.16.28-2-1536x1021.jpeg 1536w, https:\/\/noticiasveracruz.com\/wp-content\/uploads\/2024\/12\/WhatsApp-Image-2024-12-15-at-14.16.28-2.jpeg 1600w\" sizes=\"auto, (max-width: 300px) 100vw, 300px\" \/><\/p>\n<p>El personal militar y civiles trabajaron coordinadamente y lograron muy buenos resultados.<\/p>\n<p><img loading=\"lazy\" decoding=\"async\" class=\"alignnone size-medium wp-image-46039\" src=\"http:\/\/noticiasveracruz.com\/wp-content\/uploads\/2024\/12\/WhatsApp-Image-2024-12-15-at-14.16.27-4-300x168.jpeg\" alt=\"\" width=\"300\" height=\"168\" srcset=\"https:\/\/noticiasveracruz.com\/wp-content\/uploads\/2024\/12\/WhatsApp-Image-2024-12-15-at-14.16.27-4-300x168.jpeg 300w, https:\/\/noticiasveracruz.com\/wp-content\/uploads\/2024\/12\/WhatsApp-Image-2024-12-15-at-14.16.27-4-1024x572.jpeg 1024w, https:\/\/noticiasveracruz.com\/wp-content\/uploads\/2024\/12\/WhatsApp-Image-2024-12-15-at-14.16.27-4-768x429.jpeg 768w, https:\/\/noticiasveracruz.com\/wp-content\/uploads\/2024\/12\/WhatsApp-Image-2024-12-15-at-14.16.27-4-800x445.jpeg 800w, https:\/\/noticiasveracruz.com\/wp-content\/uploads\/2024\/12\/WhatsApp-Image-2024-12-15-at-14.16.27-4.jpeg 1280w\" sizes=\"auto, (max-width: 300px) 100vw, 300px\" \/> <img loading=\"lazy\" decoding=\"async\" class=\"alignnone size-medium wp-image-46036\" src=\"http:\/\/noticiasveracruz.com\/wp-content\/uploads\/2024\/12\/WhatsApp-Image-2024-12-15-at-14.16.27-1-300x153.jpeg\" alt=\"\" width=\"300\" height=\"153\" srcset=\"https:\/\/noticiasveracruz.com\/wp-content\/uploads\/2024\/12\/WhatsApp-Image-2024-12-15-at-14.16.27-1-300x153.jpeg 300w, https:\/\/noticiasveracruz.com\/wp-content\/uploads\/2024\/12\/WhatsApp-Image-2024-12-15-at-14.16.27-1-1024x521.jpeg 1024w, https:\/\/noticiasveracruz.com\/wp-content\/uploads\/2024\/12\/WhatsApp-Image-2024-12-15-at-14.16.27-1-768x391.jpeg 768w, https:\/\/noticiasveracruz.com\/wp-content\/uploads\/2024\/12\/WhatsApp-Image-2024-12-15-at-14.16.27-1-1536x781.jpeg 1536w, https:\/\/noticiasveracruz.com\/wp-content\/uploads\/2024\/12\/WhatsApp-Image-2024-12-15-at-14.16.27-1.jpeg 1600w\" sizes=\"auto, (max-width: 300px) 100vw, 300px\" \/> <img loading=\"lazy\" decoding=\"async\" class=\"alignnone size-medium wp-image-46038\" src=\"http:\/\/noticiasveracruz.com\/wp-content\/uploads\/2024\/12\/WhatsApp-Image-2024-12-15-at-14.16.27-3-300x200.jpeg\" alt=\"\" width=\"300\" height=\"200\" srcset=\"https:\/\/noticiasveracruz.com\/wp-content\/uploads\/2024\/12\/WhatsApp-Image-2024-12-15-at-14.16.27-3-300x200.jpeg 300w, https:\/\/noticiasveracruz.com\/wp-content\/uploads\/2024\/12\/WhatsApp-Image-2024-12-15-at-14.16.27-3-1024x681.jpeg 1024w, https:\/\/noticiasveracruz.com\/wp-content\/uploads\/2024\/12\/WhatsApp-Image-2024-12-15-at-14.16.27-3-768x511.jpeg 768w, https:\/\/noticiasveracruz.com\/wp-content\/uploads\/2024\/12\/WhatsApp-Image-2024-12-15-at-14.16.27-3-1536x1021.jpeg 1536w, https:\/\/noticiasveracruz.com\/wp-content\/uploads\/2024\/12\/WhatsApp-Image-2024-12-15-at-14.16.27-3.jpeg 1600w\" sizes=\"auto, (max-width: 300px) 100vw, 300px\" \/><\/p>\n","protected":false},"excerpt":{"rendered":"<p>\u2022 Tambi\u00e9n se atendi\u00f3 el \u00e1rea de palapas afectada por un incendio. Tuxpan, Ver., 15 de diciembre de 2024.- Personal<\/p>\n","protected":false},"author":4,"featured_media":46037,"comment_status":"closed","ping_status":"closed","sticky":false,"template":"","format":"standard","meta":{"colormag_page_container_layout":"default_layout","colormag_page_sidebar_layout":"default_layout","_jetpack_memberships_contains_paid_content":false,"footnotes":"","jetpack_publicize_message":"","jetpack_publicize_feature_enabled":true,"jetpack_social_post_already_shared":true,"jetpack_social_options":{"image_generator_settings":{"template":"highway","default_image_id":0,"font":"","enabled":false},"version":2}},"categories":[3372,356],"tags":[],"class_list":["post-46034","post","type-post","status-publish","format-standard","has-post-thumbnail","hentry","category-gobierno-tuxpan","category-veracruz"],"jetpack_publicize_connections":[],"jetpack_featured_media_url":"https:\/\/noticiasveracruz.com\/wp-content\/uploads\/2024\/12\/WhatsApp-Image-2024-12-15-at-14.16.27-2.jpeg","jetpack_sharing_enabled":true,"publishpress_future_action":{"enabled":false,"date":"2026-05-08 07:46:26","action":"change-status","newStatus":"draft","terms":[],"taxonomy":"category","extraData":[]},"publishpress_future_workflow_manual_trigger":{"enabledWorkflows":[]},"_links":{"self":[{"href":"https:\/\/noticiasveracruz.com\/index.php\/wp-json\/wp\/v2\/posts\/46034","targetHints":{"allow":["GET"]}}],"collection":[{"href":"https:\/\/noticiasveracruz.com\/index.php\/wp-json\/wp\/v2\/posts"}],"about":[{"href":"https:\/\/noticiasveracruz.com\/index.php\/wp-json\/wp\/v2\/types\/post"}],"author":[{"embeddable":true,"href":"https:\/\/noticiasveracruz.com\/index.php\/wp-json\/wp\/v2\/users\/4"}],"replies":[{"embeddable":true,"href":"https:\/\/noticiasveracruz.com\/index.php\/wp-json\/wp\/v2\/comments?post=46034"}],"version-history":[{"count":0,"href":"https:\/\/noticiasveracruz.com\/index.php\/wp-json\/wp\/v2\/posts\/46034\/revisions"}],"wp:featuredmedia":[{"embeddable":true,"href":"https:\/\/noticiasveracruz.com\/index.php\/wp-json\/wp\/v2\/media\/46037"}],"wp:attachment":[{"href":"https:\/\/noticiasveracruz.com\/index.php\/wp-json\/wp\/v2\/media?parent=46034"}],"wp:term":[{"taxonomy":"category","embeddable":true,"href":"https:\/\/noticiasveracruz.com\/index.php\/wp-json\/wp\/v2\/categories?post=46034"},{"taxonomy":"post_tag","embeddable":true,"href":"https:\/\/noticiasveracruz.com\/index.php\/wp-json\/wp\/v2\/tags?post=46034"}],"curies":[{"name":"wp","href":"https:\/\/api.w.org\/{rel}","templated":true}]}}