{"id":46022,"date":"2024-12-15T00:10:21","date_gmt":"2024-12-15T06:10:21","guid":{"rendered":"https:\/\/noticiasveracruz.com\/?p=46022"},"modified":"2024-12-14T19:16:27","modified_gmt":"2024-12-15T01:16:27","slug":"destaca-sp-manejo-de-las-finanzas-publicas-y-ratifica-la-calificacion","status":"publish","type":"post","link":"https:\/\/noticiasveracruz.com\/index.php\/2024\/12\/15\/destaca-sp-manejo-de-las-finanzas-publicas-y-ratifica-la-calificacion\/","title":{"rendered":"Destaca S&#038;P manejo de las finanzas p\u00fablicas y ratifica la calificaci\u00f3n"},"content":{"rendered":"<div class=\"col col1\">\n<p class=\"s-s\">Standard and Poor\u2019s Global Ratings (S&amp;P) ratific\u00f3 la calificaci\u00f3n de la nota soberana de M\u00e9xico en el nivel BBB, dos escalones arriba del grado de inversi\u00f3n y con perspectiva estable, en reconocimiento al manejo de las finanzas p\u00fablicas y el compromiso del gobierno federal para garantizar la estabilidad fiscal en los siguientes a\u00f1os, inform\u00f3 la firma en un comunicado.<\/p>\n<p><q>La perspectiva estable refleja nuestra expectativa de que una gesti\u00f3n macroecon\u00f3mica cautelosa, que incluya una pol\u00edtica monetaria prudente y un retorno a d\u00e9ficits fiscales bajos estabilizar\u00e1 las finanzas p\u00fablicas y la carga de deuda soberana durante los pr\u00f3ximos dos a\u00f1os<\/q>, se\u00f1al\u00f3 S&amp;P, la principal calificadora de deuda del mercado.<\/p>\n<p>La Secretar\u00eda de Hacienda y Cr\u00e9dito P\u00fablico (SHCP) coment\u00f3, respecto al anuncio de S&amp;P, que la ratificaci\u00f3n de la nota y la perspectiva estable de la misma\u00a0<q>permitir\u00e1n al pa\u00eds continuar con un acceso favorable a los mercados nacionales e internacionales<\/q>, por lo que reiter\u00f3 su\u00a0<q>compromiso de preservar la estabilidad financiera y la sostenibilidad de la deuda p\u00fablica<\/q>.<\/p>\n<p>La ratificaci\u00f3n de la nota soberana ocurre 10 d\u00edas despu\u00e9s de que la presidenta Claudia Sheinbaum Pardo se reuni\u00f3 en Palacio Nacional con Roberto Sif\u00f3n-Ar\u00e9valo, director general y l\u00edder global de calificaciones soberanas en S&amp;P Global Ratings.<\/p>\n<p>La agencia consider\u00f3 que las eventuales disputas entre M\u00e9xico y Estados Unidos sobre comercio, migraci\u00f3n y otros asuntos \u2013que podr\u00edan surgir una vez que Donald Trump asuma la presidencia el 20 de enero\u2013 se manejar\u00e1n de manera pragm\u00e1tica, para sustentar la estabilidad econ\u00f3mica y mantener la profunda integraci\u00f3n comercial de los dos pa\u00edses.<\/p>\n<\/div>\n<div class=\"col col2\">\n<p><q>Esperamos una amplia continuidad en las pol\u00edticas econ\u00f3micas y sociales con la presidenta Claudia Sheinbaum<\/q>, aunque reconoci\u00f3 que\u00a0<q>hered\u00f3 una grieta entre el gobierno y partes del sector privado mexicano<\/q>.<\/p>\n<p>\u201cLa perspectiva estable \u2013que significa que no anticipa ning\u00fan cambio en la calificaci\u00f3n en los siguientes seis meses\u2013 incorpora nuestras expectativas de una pol\u00edtica monetaria prudente y un retorno a d\u00e9ficits fiscales bajos que estabilice las finanzas p\u00fablicas y mantengan la s\u00f3lida posici\u00f3n externa de M\u00e9xico\u201d, indic\u00f3.<\/p>\n<p>La agencia coment\u00f3 que la calificaci\u00f3n de M\u00e9xico se basa en su democracia y marco institucional, los cuales han tra\u00eddo estabilidad pol\u00edtica y cambios regulares de gobierno durante las \u00faltimas dos d\u00e9cadas, as\u00ed como pol\u00edticas fiscales y monetarias cautelosas apoyadas por un r\u00e9gimen de tipo de cambio flotante.<\/p>\n<p><q>Estos elementos son clave para la solvencia soberana y han mantenido la confianza de los inversionistas y el acceso a los mercados de capital globales.<\/q><\/p>\n<p>Consider\u00f3 que las reformas constitucionales han creado mucha controversia. En particular, las concernientes al Poder Judicial y la desaparici\u00f3n de los organismos aut\u00f3nomos, destac\u00f3 que las implicaciones a largo plazo de estos cambios no est\u00e1n claras, pero corren el riesgo de debilitar la confianza de los inversores.<\/p>\n<p>La calificaci\u00f3n de BBB con perspectiva estable de S&amp;P se ha mantenido desde marzo de 2020.<\/p>\n<p>Moody\u2019s y HR Ratings cambiaron en noviembre la perspectiva de la nota de\u00a0<q>estable<\/q>\u00a0a\u00a0<q>negativa<\/q>.<\/p>\n<\/div>\n","protected":false},"excerpt":{"rendered":"<p>Standard and Poor\u2019s Global Ratings (S&amp;P) ratific\u00f3 la calificaci\u00f3n de la nota soberana de M\u00e9xico en el nivel BBB, dos<\/p>\n","protected":false},"author":4,"featured_media":46023,"comment_status":"closed","ping_status":"closed","sticky":false,"template":"","format":"standard","meta":{"colormag_page_container_layout":"default_layout","colormag_page_sidebar_layout":"default_layout","_jetpack_memberships_contains_paid_content":false,"footnotes":"","jetpack_publicize_message":"","jetpack_publicize_feature_enabled":true,"jetpack_social_post_already_shared":true,"jetpack_social_options":{"image_generator_settings":{"template":"highway","default_image_id":0,"font":"","enabled":false},"version":2}},"categories":[1947],"tags":[],"class_list":["post-46022","post","type-post","status-publish","format-standard","has-post-thumbnail","hentry","category-economia"],"jetpack_publicize_connections":[],"jetpack_featured_media_url":"https:\/\/noticiasveracruz.com\/wp-content\/uploads\/2024\/12\/SP-Global-Raitings-1920x1024-1.jpg","jetpack_sharing_enabled":true,"publishpress_future_action":{"enabled":false,"date":"2026-05-08 11:37:07","action":"change-status","newStatus":"draft","terms":[],"taxonomy":"category","extraData":[]},"publishpress_future_workflow_manual_trigger":{"enabledWorkflows":[]},"_links":{"self":[{"href":"https:\/\/noticiasveracruz.com\/index.php\/wp-json\/wp\/v2\/posts\/46022","targetHints":{"allow":["GET"]}}],"collection":[{"href":"https:\/\/noticiasveracruz.com\/index.php\/wp-json\/wp\/v2\/posts"}],"about":[{"href":"https:\/\/noticiasveracruz.com\/index.php\/wp-json\/wp\/v2\/types\/post"}],"author":[{"embeddable":true,"href":"https:\/\/noticiasveracruz.com\/index.php\/wp-json\/wp\/v2\/users\/4"}],"replies":[{"embeddable":true,"href":"https:\/\/noticiasveracruz.com\/index.php\/wp-json\/wp\/v2\/comments?post=46022"}],"version-history":[{"count":0,"href":"https:\/\/noticiasveracruz.com\/index.php\/wp-json\/wp\/v2\/posts\/46022\/revisions"}],"wp:featuredmedia":[{"embeddable":true,"href":"https:\/\/noticiasveracruz.com\/index.php\/wp-json\/wp\/v2\/media\/46023"}],"wp:attachment":[{"href":"https:\/\/noticiasveracruz.com\/index.php\/wp-json\/wp\/v2\/media?parent=46022"}],"wp:term":[{"taxonomy":"category","embeddable":true,"href":"https:\/\/noticiasveracruz.com\/index.php\/wp-json\/wp\/v2\/categories?post=46022"},{"taxonomy":"post_tag","embeddable":true,"href":"https:\/\/noticiasveracruz.com\/index.php\/wp-json\/wp\/v2\/tags?post=46022"}],"curies":[{"name":"wp","href":"https:\/\/api.w.org\/{rel}","templated":true}]}}