{"id":46019,"date":"2024-12-14T00:07:18","date_gmt":"2024-12-14T06:07:18","guid":{"rendered":"https:\/\/noticiasveracruz.com\/?p=46019"},"modified":"2024-12-14T18:44:23","modified_gmt":"2024-12-15T00:44:23","slug":"nada-de-lujos-y-parafernalias-pide-sheinbaum-a-funcionarios-de-la-4t","status":"publish","type":"post","link":"https:\/\/noticiasveracruz.com\/index.php\/2024\/12\/14\/nada-de-lujos-y-parafernalias-pide-sheinbaum-a-funcionarios-de-la-4t\/","title":{"rendered":"\u201cNada de lujos y parafernalias\u201d, pide Sheinbaum a funcionarios de la 4T"},"content":{"rendered":"<p>Citando el principio juarista de que los funcionarios tienen que desempe\u00f1arse en la justa median\u00eda, la presidenta Claudia Sheinbaum Pardo dej\u00f3 un claro mensaje a los servidores p\u00fablicos de la Cuarta Transformaci\u00f3n : \u201cNada de lujos y parafernalias que utilicen los recursos del pueblo para otras cosas (\u2026) los recursos del pueblo son del pueblo de M\u00e9xico\u201d.<\/p>\n<p>\u201cEse es un principio juarista, de Benito Ju\u00e1rez, nada de lujos y parafernalias que utilicen los recursos del pueblo para otras cosas. El gobernante, el diputado, el senador, el presidente municipal, el gobernador, la gobernadora deben vivir en la justa median\u00eda y los recursos del pueblo son del pueblo de M\u00e9xico, pero no son para usarse para ninguna otra cosa\u201d, subray\u00f3 en su mensaje durante la ceremonia donde se puso en marcha el inicio de los trabajos para construcci\u00f3n del parque ecotur\u00edstuco \u201cLa Ceiba\u201d, en esta hist\u00f3rica ciudad.<\/p>\n<p>Asimismo, la jefa del Ejecutivo federal acentu\u00f3 que el 1\u00b0 de junio del pr\u00f3ximo a\u00f1o, el pueblo de M\u00e9xico elegir\u00e1 a quienes integrar\u00e1n el Poder Judicial, jueces, magistrados y ministros.15<\/p>\n","protected":false},"excerpt":{"rendered":"<p>Citando el principio juarista de que los funcionarios tienen que desempe\u00f1arse en la justa median\u00eda, la presidenta Claudia Sheinbaum Pardo<\/p>\n","protected":false},"author":4,"featured_media":46020,"comment_status":"closed","ping_status":"closed","sticky":false,"template":"","format":"standard","meta":{"colormag_page_container_layout":"default_layout","colormag_page_sidebar_layout":"default_layout","_jetpack_memberships_contains_paid_content":false,"footnotes":"","jetpack_publicize_message":"","jetpack_publicize_feature_enabled":true,"jetpack_social_post_already_shared":true,"jetpack_social_options":{"image_generator_settings":{"template":"highway","default_image_id":0,"font":"","enabled":false},"version":2}},"categories":[4],"tags":[],"class_list":["post-46019","post","type-post","status-publish","format-standard","has-post-thumbnail","hentry","category-nacional"],"jetpack_publicize_connections":[],"jetpack_featured_media_url":"https:\/\/noticiasveracruz.com\/wp-content\/uploads\/2024\/12\/gettyimages-2185136442-20241211165227459.jpg","jetpack_sharing_enabled":true,"publishpress_future_action":{"enabled":false,"date":"2026-05-10 03:43:20","action":"change-status","newStatus":"draft","terms":[],"taxonomy":"category","extraData":[]},"publishpress_future_workflow_manual_trigger":{"enabledWorkflows":[]},"_links":{"self":[{"href":"https:\/\/noticiasveracruz.com\/index.php\/wp-json\/wp\/v2\/posts\/46019","targetHints":{"allow":["GET"]}}],"collection":[{"href":"https:\/\/noticiasveracruz.com\/index.php\/wp-json\/wp\/v2\/posts"}],"about":[{"href":"https:\/\/noticiasveracruz.com\/index.php\/wp-json\/wp\/v2\/types\/post"}],"author":[{"embeddable":true,"href":"https:\/\/noticiasveracruz.com\/index.php\/wp-json\/wp\/v2\/users\/4"}],"replies":[{"embeddable":true,"href":"https:\/\/noticiasveracruz.com\/index.php\/wp-json\/wp\/v2\/comments?post=46019"}],"version-history":[{"count":0,"href":"https:\/\/noticiasveracruz.com\/index.php\/wp-json\/wp\/v2\/posts\/46019\/revisions"}],"wp:featuredmedia":[{"embeddable":true,"href":"https:\/\/noticiasveracruz.com\/index.php\/wp-json\/wp\/v2\/media\/46020"}],"wp:attachment":[{"href":"https:\/\/noticiasveracruz.com\/index.php\/wp-json\/wp\/v2\/media?parent=46019"}],"wp:term":[{"taxonomy":"category","embeddable":true,"href":"https:\/\/noticiasveracruz.com\/index.php\/wp-json\/wp\/v2\/categories?post=46019"},{"taxonomy":"post_tag","embeddable":true,"href":"https:\/\/noticiasveracruz.com\/index.php\/wp-json\/wp\/v2\/tags?post=46019"}],"curies":[{"name":"wp","href":"https:\/\/api.w.org\/{rel}","templated":true}]}}