{"id":45948,"date":"2024-12-14T00:09:36","date_gmt":"2024-12-14T06:09:36","guid":{"rendered":"https:\/\/noticiasveracruz.com\/?p=45948"},"modified":"2024-12-14T00:09:36","modified_gmt":"2024-12-14T06:09:36","slug":"trato-tiempo-y-abasto-tres-batallas-que-aun-enfrenta-el-imss-robledo","status":"publish","type":"post","link":"https:\/\/noticiasveracruz.com\/index.php\/2024\/12\/14\/trato-tiempo-y-abasto-tres-batallas-que-aun-enfrenta-el-imss-robledo\/","title":{"rendered":"\u00abTrato, tiempo y abasto\u00bb, tres batallas que a\u00fan enfrenta el IMSS: Robledo"},"content":{"rendered":"<p>El Instituto Mexicano del Seguro Social (IMSS) a\u00fan enfrenta muchos retos, entre ellos \u00abtres frentes de batalla: trato, tiempo y abasto\u00bb, reconoci\u00f3 su director general, Zo\u00e9 Robledo, quien afirm\u00f3 que se realizan acciones para mejorar el trato a los derechohabientes, entre ellas seguir capacitando a los trabajadores en buen trato y derechos humanos.<\/p>\n<p>Durante la 115 Asamblea General Ordinaria del IMSS, que encabez\u00f3 la presidenta Claudia Sheinbaum Pardo, en Palacio Nacional, destac\u00f3 que si bien se ha logrado reducir en cien minutos el tiempo de espera en la unifila de atenci\u00f3n a pacientes en unidades m\u00e9dicas y hospitales, indic\u00f3 que a\u00fan se enfrentan retos en el diferimiento de cirug\u00edas, agreg\u00f3 que se debe avanzar en la aplicaci\u00f3n de citas electr\u00f3nicas y \u00abentrarle a la teleconsulta\u00bb, as\u00ed como a un incremento de la unidades de atenci\u00f3n m\u00e9dica familiar que operan de lunes a domingo, y que asegur\u00f3 pasar\u00e1n de 120 a 275, para alcanzar un total de 373.<\/p>\n<p>En tanto, la mandataria federal se\u00f1al\u00f3 que \u00abestamos trabajando en cuatro \u00e1reas: fortalecimiento de la seguridad social y de los derechos de los trabajadores. Es decir, continuar con el incremento a los salarios m\u00ednimos y a los salarios en general y la fortaleza de los derechos de los trabajadores\u00bb.<\/p>\n<p>Agreg\u00f3 que se avanza en la seguridad social para \u00abmuchos empleados. Ayer se aprob\u00f3 que las y los trabajadores de aplicaciones tengan derecho a seguridad social. Es un avance importante. En el terreno de la salud estamos trabajando en el fortalecimiento de las instituciones p\u00fablicas Es decir, del IMSS; fortalecimiento y consolidaci\u00f3n del IMSS Bienestar e ISSSTE, as\u00ed como instituciones p\u00fablicas\u00bb.<\/p>\n<p>Esto significa, indic\u00f3, \u00abno solamente pensar en las y los trabajadores, sino pensar en las y los derechohabientes.<\/p>\n<p>Significa que tenemos que avanzar sin ning\u00fan rezago, que podamos atender a las y los trabajadores de manera adecuada en tiempo y forma. Que siempre haya medicamentos, que la atenci\u00f3n siempre sea como se merece un pueblo solidario\u00bb.<\/p>\n","protected":false},"excerpt":{"rendered":"<p>El Instituto Mexicano del Seguro Social (IMSS) a\u00fan enfrenta muchos retos, entre ellos \u00abtres frentes de batalla: trato, tiempo y<\/p>\n","protected":false},"author":4,"featured_media":45949,"comment_status":"closed","ping_status":"closed","sticky":false,"template":"","format":"standard","meta":{"colormag_page_container_layout":"default_layout","colormag_page_sidebar_layout":"default_layout","_jetpack_memberships_contains_paid_content":false,"footnotes":"","jetpack_publicize_message":"","jetpack_publicize_feature_enabled":true,"jetpack_social_post_already_shared":true,"jetpack_social_options":{"image_generator_settings":{"template":"highway","default_image_id":0,"font":"","enabled":false},"version":2}},"categories":[4],"tags":[],"class_list":["post-45948","post","type-post","status-publish","format-standard","has-post-thumbnail","hentry","category-nacional"],"jetpack_publicize_connections":[],"jetpack_featured_media_url":"https:\/\/noticiasveracruz.com\/wp-content\/uploads\/2024\/12\/imss.png","jetpack_sharing_enabled":true,"publishpress_future_action":{"enabled":false,"date":"2026-05-10 02:29:14","action":"change-status","newStatus":"draft","terms":[],"taxonomy":"category","extraData":[]},"publishpress_future_workflow_manual_trigger":{"enabledWorkflows":[]},"_links":{"self":[{"href":"https:\/\/noticiasveracruz.com\/index.php\/wp-json\/wp\/v2\/posts\/45948","targetHints":{"allow":["GET"]}}],"collection":[{"href":"https:\/\/noticiasveracruz.com\/index.php\/wp-json\/wp\/v2\/posts"}],"about":[{"href":"https:\/\/noticiasveracruz.com\/index.php\/wp-json\/wp\/v2\/types\/post"}],"author":[{"embeddable":true,"href":"https:\/\/noticiasveracruz.com\/index.php\/wp-json\/wp\/v2\/users\/4"}],"replies":[{"embeddable":true,"href":"https:\/\/noticiasveracruz.com\/index.php\/wp-json\/wp\/v2\/comments?post=45948"}],"version-history":[{"count":0,"href":"https:\/\/noticiasveracruz.com\/index.php\/wp-json\/wp\/v2\/posts\/45948\/revisions"}],"wp:featuredmedia":[{"embeddable":true,"href":"https:\/\/noticiasveracruz.com\/index.php\/wp-json\/wp\/v2\/media\/45949"}],"wp:attachment":[{"href":"https:\/\/noticiasveracruz.com\/index.php\/wp-json\/wp\/v2\/media?parent=45948"}],"wp:term":[{"taxonomy":"category","embeddable":true,"href":"https:\/\/noticiasveracruz.com\/index.php\/wp-json\/wp\/v2\/categories?post=45948"},{"taxonomy":"post_tag","embeddable":true,"href":"https:\/\/noticiasveracruz.com\/index.php\/wp-json\/wp\/v2\/tags?post=45948"}],"curies":[{"name":"wp","href":"https:\/\/api.w.org\/{rel}","templated":true}]}}