{"id":45938,"date":"2024-12-14T00:02:31","date_gmt":"2024-12-14T06:02:31","guid":{"rendered":"https:\/\/noticiasveracruz.com\/?p=45938"},"modified":"2024-12-13T23:54:50","modified_gmt":"2024-12-14T05:54:50","slug":"sefiplan-realiza-primer-pago-de-prestaciones-al-sector-educativo","status":"publish","type":"post","link":"https:\/\/noticiasveracruz.com\/index.php\/2024\/12\/14\/sefiplan-realiza-primer-pago-de-prestaciones-al-sector-educativo\/","title":{"rendered":"Sefiplan realiza primer pago de prestaciones al sector educativo"},"content":{"rendered":"<p>La Secretar\u00eda de Finanzas y Planeaci\u00f3n (Sefiplan) inici\u00f3 este viernes la dispersi\u00f3n del primer pago de sueldos y prestaciones correspondientes al cierre de a\u00f1o para maestros, personal acad\u00e9mico y administrativo de la Secretar\u00eda de Educaci\u00f3n de Veracruz.<\/p>\n<p>Este primer pago incluye la quincena, la prima vacacional equivalente a cinco d\u00edas de sueldo, y la primera parte del aguinaldo, correspondiente a 20 d\u00edas.<\/p>\n<p>De acuerdo con el calendario de fin de a\u00f1o, el pr\u00f3ximo 18 de diciembre se realizar\u00e1 un segundo dep\u00f3sito que abarcar\u00e1 la segunda quincena, ajuste de calendario (5 d\u00edas), gratificaci\u00f3n (25 d\u00edas), compensaci\u00f3n (25 d\u00edas) y la entrega de una canasta navide\u00f1a. Finalmente, el 27 de diciembre se pagar\u00e1 la \u00faltima parte del aguinaldo (20 d\u00edas).<\/p>\n<p>La gobernadora Roc\u00edo Nahle Garc\u00eda asegur\u00f3 que los recursos necesarios est\u00e1n garantizados para cumplir con estas prestaciones, beneficiando a todo el personal de base, confianza, planta y sindicalizados que forman parte del Poder Ejecutivo estatal.<\/p>\n","protected":false},"excerpt":{"rendered":"<p>La Secretar\u00eda de Finanzas y Planeaci\u00f3n (Sefiplan) inici\u00f3 este viernes la dispersi\u00f3n del primer pago de sueldos y prestaciones correspondientes<\/p>\n","protected":false},"author":4,"featured_media":45939,"comment_status":"closed","ping_status":"closed","sticky":false,"template":"","format":"standard","meta":{"colormag_page_container_layout":"default_layout","colormag_page_sidebar_layout":"default_layout","_jetpack_memberships_contains_paid_content":false,"footnotes":"","jetpack_publicize_message":"","jetpack_publicize_feature_enabled":true,"jetpack_social_post_already_shared":true,"jetpack_social_options":{"image_generator_settings":{"template":"highway","default_image_id":0,"font":"","enabled":false},"version":2}},"categories":[356],"tags":[],"class_list":["post-45938","post","type-post","status-publish","format-standard","has-post-thumbnail","hentry","category-veracruz"],"jetpack_publicize_connections":[],"jetpack_featured_media_url":"https:\/\/noticiasveracruz.com\/wp-content\/uploads\/2024\/12\/RITIQF4OSFFGHNWJNSTCH2UNRQ.jpg","jetpack_sharing_enabled":true,"publishpress_future_action":{"enabled":false,"date":"2026-05-08 11:15:22","action":"change-status","newStatus":"draft","terms":[],"taxonomy":"category","extraData":[]},"publishpress_future_workflow_manual_trigger":{"enabledWorkflows":[]},"_links":{"self":[{"href":"https:\/\/noticiasveracruz.com\/index.php\/wp-json\/wp\/v2\/posts\/45938","targetHints":{"allow":["GET"]}}],"collection":[{"href":"https:\/\/noticiasveracruz.com\/index.php\/wp-json\/wp\/v2\/posts"}],"about":[{"href":"https:\/\/noticiasveracruz.com\/index.php\/wp-json\/wp\/v2\/types\/post"}],"author":[{"embeddable":true,"href":"https:\/\/noticiasveracruz.com\/index.php\/wp-json\/wp\/v2\/users\/4"}],"replies":[{"embeddable":true,"href":"https:\/\/noticiasveracruz.com\/index.php\/wp-json\/wp\/v2\/comments?post=45938"}],"version-history":[{"count":0,"href":"https:\/\/noticiasveracruz.com\/index.php\/wp-json\/wp\/v2\/posts\/45938\/revisions"}],"wp:featuredmedia":[{"embeddable":true,"href":"https:\/\/noticiasveracruz.com\/index.php\/wp-json\/wp\/v2\/media\/45939"}],"wp:attachment":[{"href":"https:\/\/noticiasveracruz.com\/index.php\/wp-json\/wp\/v2\/media?parent=45938"}],"wp:term":[{"taxonomy":"category","embeddable":true,"href":"https:\/\/noticiasveracruz.com\/index.php\/wp-json\/wp\/v2\/categories?post=45938"},{"taxonomy":"post_tag","embeddable":true,"href":"https:\/\/noticiasveracruz.com\/index.php\/wp-json\/wp\/v2\/tags?post=45938"}],"curies":[{"name":"wp","href":"https:\/\/api.w.org\/{rel}","templated":true}]}}