{"id":45935,"date":"2024-12-14T00:01:11","date_gmt":"2024-12-14T06:01:11","guid":{"rendered":"https:\/\/noticiasveracruz.com\/?p=45935"},"modified":"2024-12-13T23:53:28","modified_gmt":"2024-12-14T05:53:28","slug":"envia-el-orfis-mas-de-10-casos-contra-funcionarios-y-servidores-al-trijaev","status":"publish","type":"post","link":"https:\/\/noticiasveracruz.com\/index.php\/2024\/12\/14\/envia-el-orfis-mas-de-10-casos-contra-funcionarios-y-servidores-al-trijaev\/","title":{"rendered":"Env\u00eda el Orfis m\u00e1s de 10 casos contra funcionarios y servidores al Trijaev"},"content":{"rendered":"<p>El Tribunal de Justicia Administrativa del Estado de Veracruz (Trijaev) tiene que resolver expedientes en contra de funcionarios municipales y servidores p\u00fablicos estatales, que fueron remitidos por el \u00d3rgano de Fiscalizaci\u00f3n Superior (Orfis), como parte de la substanciaci\u00f3n de las Cuentas P\u00fablicas.<\/p>\n<p>Lo anterior fue dado a conocer por la magistrada presidenta del organismo Leticia Aguilar Jim\u00e9nez qui\u00e9n estim\u00f3 que son m\u00e1s de 10 casos los recibidos tan s\u00f3lo en este 2024.<\/p>\n<p>\u201cLo que se remiten son los expedientes que ellos est\u00e1n substanciando en Orfis derivado del seguimiento a las cuentas p\u00fablicas cuando ellos determinan en un informe de presunta responsabilidad administrativa que el servidor p\u00fablico puede incurrir en una infracci\u00f3n en este caso de responsabilidad administrativa se remite al tribunal para que el tribunal dicte resoluci\u00f3n en el caso e imponga la sanci\u00f3n\u201d, declar\u00f3.<\/p>\n<p>Explic\u00f3 que los asuntos est\u00e1n distribuidos en la Sala Regional Unitaria Centro, as\u00ed como en la Unitaria Norte y la Sur.<\/p>\n<p>\u201cSe han estado distribuyendo dependiendo la ubicaci\u00f3n de cada una porque tenemos tantos, en su mayor\u00eda de exfuncionarios municipales\u201d, expuso.<\/p>\n<p>Para finalizar estim\u00f3 que son m\u00e1s de 10 los expedientes que este a\u00f1o se han remitido por parte del Orfis, al Trijaev.<\/p>\n","protected":false},"excerpt":{"rendered":"<p>El Tribunal de Justicia Administrativa del Estado de Veracruz (Trijaev) tiene que resolver expedientes en contra de funcionarios municipales y<\/p>\n","protected":false},"author":4,"featured_media":45936,"comment_status":"closed","ping_status":"closed","sticky":false,"template":"","format":"standard","meta":{"colormag_page_container_layout":"default_layout","colormag_page_sidebar_layout":"default_layout","_jetpack_memberships_contains_paid_content":false,"footnotes":"","jetpack_publicize_message":"","jetpack_publicize_feature_enabled":true,"jetpack_social_post_already_shared":true,"jetpack_social_options":{"image_generator_settings":{"template":"highway","default_image_id":0,"font":"","enabled":false},"version":2}},"categories":[356],"tags":[],"class_list":["post-45935","post","type-post","status-publish","format-standard","has-post-thumbnail","hentry","category-veracruz"],"jetpack_publicize_connections":[],"jetpack_featured_media_url":"https:\/\/noticiasveracruz.com\/wp-content\/uploads\/2024\/12\/p03a-avc-6-696x465-1.jpeg","jetpack_sharing_enabled":true,"publishpress_future_action":{"enabled":false,"date":"2026-05-08 10:20:04","action":"change-status","newStatus":"draft","terms":[],"taxonomy":"category","extraData":[]},"publishpress_future_workflow_manual_trigger":{"enabledWorkflows":[]},"_links":{"self":[{"href":"https:\/\/noticiasveracruz.com\/index.php\/wp-json\/wp\/v2\/posts\/45935","targetHints":{"allow":["GET"]}}],"collection":[{"href":"https:\/\/noticiasveracruz.com\/index.php\/wp-json\/wp\/v2\/posts"}],"about":[{"href":"https:\/\/noticiasveracruz.com\/index.php\/wp-json\/wp\/v2\/types\/post"}],"author":[{"embeddable":true,"href":"https:\/\/noticiasveracruz.com\/index.php\/wp-json\/wp\/v2\/users\/4"}],"replies":[{"embeddable":true,"href":"https:\/\/noticiasveracruz.com\/index.php\/wp-json\/wp\/v2\/comments?post=45935"}],"version-history":[{"count":0,"href":"https:\/\/noticiasveracruz.com\/index.php\/wp-json\/wp\/v2\/posts\/45935\/revisions"}],"wp:featuredmedia":[{"embeddable":true,"href":"https:\/\/noticiasveracruz.com\/index.php\/wp-json\/wp\/v2\/media\/45936"}],"wp:attachment":[{"href":"https:\/\/noticiasveracruz.com\/index.php\/wp-json\/wp\/v2\/media?parent=45935"}],"wp:term":[{"taxonomy":"category","embeddable":true,"href":"https:\/\/noticiasveracruz.com\/index.php\/wp-json\/wp\/v2\/categories?post=45935"},{"taxonomy":"post_tag","embeddable":true,"href":"https:\/\/noticiasveracruz.com\/index.php\/wp-json\/wp\/v2\/tags?post=45935"}],"curies":[{"name":"wp","href":"https:\/\/api.w.org\/{rel}","templated":true}]}}