{"id":45926,"date":"2024-12-13T17:34:59","date_gmt":"2024-12-13T23:34:59","guid":{"rendered":"https:\/\/noticiasveracruz.com\/?p=45926"},"modified":"2024-12-13T17:34:59","modified_gmt":"2024-12-13T23:34:59","slug":"el-gobierno-de-tuxpan-entrego-la-construccion-de-techado-en-el-area-multideportiva-de-la-escuela-primaria-luis-donaldo-colosio-de-infonavit-tulipanes","status":"publish","type":"post","link":"https:\/\/noticiasveracruz.com\/index.php\/2024\/12\/13\/el-gobierno-de-tuxpan-entrego-la-construccion-de-techado-en-el-area-multideportiva-de-la-escuela-primaria-luis-donaldo-colosio-de-infonavit-tulipanes\/","title":{"rendered":"El Gobierno de Tuxpan entreg\u00f3 la construcci\u00f3n de Techado en el \u00c1rea Multideportiva de la escuela primaria Luis Donaldo Colosio, de Infonavit Tulipanes"},"content":{"rendered":"<p>-El alcalde Dr. Jes\u00fas Fomperoza reiter\u00f3 su compromiso con las instituciones educativas del municipio.<\/p>\n<p><img loading=\"lazy\" decoding=\"async\" class=\"alignnone size-medium wp-image-45928\" src=\"http:\/\/noticiasveracruz.com\/wp-content\/uploads\/2024\/12\/WhatsApp-Image-2024-12-13-at-13.38.11-300x168.jpeg\" alt=\"\" width=\"300\" height=\"168\" srcset=\"https:\/\/noticiasveracruz.com\/wp-content\/uploads\/2024\/12\/WhatsApp-Image-2024-12-13-at-13.38.11-300x168.jpeg 300w, https:\/\/noticiasveracruz.com\/wp-content\/uploads\/2024\/12\/WhatsApp-Image-2024-12-13-at-13.38.11-1024x575.jpeg 1024w, https:\/\/noticiasveracruz.com\/wp-content\/uploads\/2024\/12\/WhatsApp-Image-2024-12-13-at-13.38.11-768x431.jpeg 768w, https:\/\/noticiasveracruz.com\/wp-content\/uploads\/2024\/12\/WhatsApp-Image-2024-12-13-at-13.38.11-1536x862.jpeg 1536w, https:\/\/noticiasveracruz.com\/wp-content\/uploads\/2024\/12\/WhatsApp-Image-2024-12-13-at-13.38.11-800x445.jpeg 800w, https:\/\/noticiasveracruz.com\/wp-content\/uploads\/2024\/12\/WhatsApp-Image-2024-12-13-at-13.38.11.jpeg 1600w\" sizes=\"auto, (max-width: 300px) 100vw, 300px\" \/><\/p>\n<p>Tuxpan, Ver., 13 de diciembre de 2024.- Ante estudiantes, maestros y padres de familia, el alcalde Dr. Jes\u00fas Fomperoza Torres e integrantes del Cabildo inauguraron la construcci\u00f3n del techado en el \u00e1rea multideportiva de la escuela primaria Luis Donaldo Colosio, en la colonia Infonavit Tulipanes.<\/p>\n<p><img loading=\"lazy\" decoding=\"async\" class=\"alignnone size-medium wp-image-45931\" src=\"http:\/\/noticiasveracruz.com\/wp-content\/uploads\/2024\/12\/WhatsApp-Image-2024-12-13-at-13.38.12-300x230.jpeg\" alt=\"\" width=\"300\" height=\"230\" srcset=\"https:\/\/noticiasveracruz.com\/wp-content\/uploads\/2024\/12\/WhatsApp-Image-2024-12-13-at-13.38.12-300x230.jpeg 300w, https:\/\/noticiasveracruz.com\/wp-content\/uploads\/2024\/12\/WhatsApp-Image-2024-12-13-at-13.38.12-1024x783.jpeg 1024w, https:\/\/noticiasveracruz.com\/wp-content\/uploads\/2024\/12\/WhatsApp-Image-2024-12-13-at-13.38.12-768x588.jpeg 768w, https:\/\/noticiasveracruz.com\/wp-content\/uploads\/2024\/12\/WhatsApp-Image-2024-12-13-at-13.38.12-1536x1175.jpeg 1536w, https:\/\/noticiasveracruz.com\/wp-content\/uploads\/2024\/12\/WhatsApp-Image-2024-12-13-at-13.38.12.jpeg 1600w\" sizes=\"auto, (max-width: 300px) 100vw, 300px\" \/><\/p>\n<p>La construcci\u00f3n, que beneficiar\u00e1 a m\u00e1s de 100 alumnas y alumnos, se realiz\u00f3 con una inversi\u00f3n de 2 millones 499 mil 344 pesos, emanados del Fondo de Aportaciones para la Infraestructura Social Municipal (FAISMUN) del ejercicio fiscal 2024.<\/p>\n<p>Este espacio brindar\u00e1 mejores condiciones de aprendizaje y un mayor desarrollo de actividades deportivas, c\u00edvicas y culturales.<\/p>\n<p><img loading=\"lazy\" decoding=\"async\" class=\"alignnone size-medium wp-image-45927\" src=\"http:\/\/noticiasveracruz.com\/wp-content\/uploads\/2024\/12\/WhatsApp-Image-2024-12-13-at-13.38.12-2-300x200.jpeg\" alt=\"\" width=\"300\" height=\"200\" srcset=\"https:\/\/noticiasveracruz.com\/wp-content\/uploads\/2024\/12\/WhatsApp-Image-2024-12-13-at-13.38.12-2-300x200.jpeg 300w, https:\/\/noticiasveracruz.com\/wp-content\/uploads\/2024\/12\/WhatsApp-Image-2024-12-13-at-13.38.12-2-1024x681.jpeg 1024w, https:\/\/noticiasveracruz.com\/wp-content\/uploads\/2024\/12\/WhatsApp-Image-2024-12-13-at-13.38.12-2-768x511.jpeg 768w, https:\/\/noticiasveracruz.com\/wp-content\/uploads\/2024\/12\/WhatsApp-Image-2024-12-13-at-13.38.12-2-1536x1021.jpeg 1536w, https:\/\/noticiasveracruz.com\/wp-content\/uploads\/2024\/12\/WhatsApp-Image-2024-12-13-at-13.38.12-2.jpeg 1600w\" sizes=\"auto, (max-width: 300px) 100vw, 300px\" \/><\/p>\n<p>En el corte del list\u00f3n inaugural, el alcalde estuvo acompa\u00f1ado por la s\u00edndica Mtra. Beatriz Pi\u00f1a Vergara; las regidoras Mar\u00eda del Pilar Mart\u00ednez Matesanz, Anah\u00ed Aguilar L\u00f3pez, Lucero Res\u00e9ndis Ambrocio, comisionada en Obras P\u00fablicas; y el regidor comisionado en Educaci\u00f3n, Prof. Luis Demetrio L\u00f3pez Mar\u00edn.<\/p>\n<p>As\u00ed mismo, el Ing. Pedro de Jes\u00fas Espinoza P\u00e9rez, director de Obras P\u00fablicas; el Lic. Jes\u00fas Carballo Serrano, director de Desarrollo Social; las CC. Hedit Vera Sol\u00eds y Perla Lizeth Cruz Villalobos, presidenta y secretaria -respectivamente- del Comit\u00e9 de Contralor\u00eda Social y Bienestar; el Prof. Domingo Ruperto Santiago, director de la escuela, y el C. Francisco Hern\u00e1ndez Espinoza, integrante del Consejo Municipal.<\/p>\n<p><img loading=\"lazy\" decoding=\"async\" class=\"alignnone size-medium wp-image-45932\" src=\"http:\/\/noticiasveracruz.com\/wp-content\/uploads\/2024\/12\/WhatsApp-Image-2024-12-13-at-13.38.13-300x200.jpeg\" alt=\"\" width=\"300\" height=\"200\" srcset=\"https:\/\/noticiasveracruz.com\/wp-content\/uploads\/2024\/12\/WhatsApp-Image-2024-12-13-at-13.38.13-300x200.jpeg 300w, https:\/\/noticiasveracruz.com\/wp-content\/uploads\/2024\/12\/WhatsApp-Image-2024-12-13-at-13.38.13-1024x681.jpeg 1024w, https:\/\/noticiasveracruz.com\/wp-content\/uploads\/2024\/12\/WhatsApp-Image-2024-12-13-at-13.38.13-768x511.jpeg 768w, https:\/\/noticiasveracruz.com\/wp-content\/uploads\/2024\/12\/WhatsApp-Image-2024-12-13-at-13.38.13-1536x1021.jpeg 1536w, https:\/\/noticiasveracruz.com\/wp-content\/uploads\/2024\/12\/WhatsApp-Image-2024-12-13-at-13.38.13.jpeg 1600w\" sizes=\"auto, (max-width: 300px) 100vw, 300px\" \/><\/p>\n<p>Al hacer uso de la voz, el alcalde Jes\u00fas Fomperoza Torres manifest\u00f3 su entusiasmo por la realizaci\u00f3n de esta obra: \u201cestamos muy contentos por inaugurar este techado por el que docentes y padres de familia lucharon tanto tiempo y que, por fin, durante esta administraci\u00f3n se pudo concretar\u201d.<\/p>\n<p>Destac\u00f3 que este espacio servir\u00e1 para que ni\u00f1as y ni\u00f1os puedan practicar deportes de una manera m\u00e1s segura, protegidos de las inclemencias del tiempo, por lo que les pidi\u00f3 cuidarlo para que se mantenga en \u00f3ptimas condiciones.<\/p>\n<p><img loading=\"lazy\" decoding=\"async\" class=\"alignnone size-medium wp-image-45929\" src=\"http:\/\/noticiasveracruz.com\/wp-content\/uploads\/2024\/12\/WhatsApp-Image-2024-12-13-at-13.38.12-1-300x168.jpeg\" alt=\"\" width=\"300\" height=\"168\" srcset=\"https:\/\/noticiasveracruz.com\/wp-content\/uploads\/2024\/12\/WhatsApp-Image-2024-12-13-at-13.38.12-1-300x168.jpeg 300w, https:\/\/noticiasveracruz.com\/wp-content\/uploads\/2024\/12\/WhatsApp-Image-2024-12-13-at-13.38.12-1-1024x575.jpeg 1024w, https:\/\/noticiasveracruz.com\/wp-content\/uploads\/2024\/12\/WhatsApp-Image-2024-12-13-at-13.38.12-1-768x431.jpeg 768w, https:\/\/noticiasveracruz.com\/wp-content\/uploads\/2024\/12\/WhatsApp-Image-2024-12-13-at-13.38.12-1-1536x862.jpeg 1536w, https:\/\/noticiasveracruz.com\/wp-content\/uploads\/2024\/12\/WhatsApp-Image-2024-12-13-at-13.38.12-1-800x445.jpeg 800w, https:\/\/noticiasveracruz.com\/wp-content\/uploads\/2024\/12\/WhatsApp-Image-2024-12-13-at-13.38.12-1.jpeg 1600w\" sizes=\"auto, (max-width: 300px) 100vw, 300px\" \/><\/p>\n<p>Fomperoza Torres reiter\u00f3 su compromiso con las instituciones educativas del municipio: \u201cvamos a seguir llevando m\u00e1s de estos apoyos a todas las escuelas y comunidades de Tuxpan\u201d.<\/p>\n<p>En nombre de la comunidad estudiantil, el director de la escuela, Prof. Domingo Ruperto Santiago agradeci\u00f3 a las autoridades municipales: \u201cmuchas gracias porque despu\u00e9s de 20 a\u00f1os que estuvimos gestionando esta construcci\u00f3n, al fin se pudo lograr\u201d.<\/p>\n<p><img loading=\"lazy\" decoding=\"async\" class=\"alignnone size-medium wp-image-45930\" src=\"http:\/\/noticiasveracruz.com\/wp-content\/uploads\/2024\/12\/WhatsApp-Image-2024-12-13-at-13.38.12-3-300x200.jpeg\" alt=\"\" width=\"300\" height=\"200\" srcset=\"https:\/\/noticiasveracruz.com\/wp-content\/uploads\/2024\/12\/WhatsApp-Image-2024-12-13-at-13.38.12-3-300x200.jpeg 300w, https:\/\/noticiasveracruz.com\/wp-content\/uploads\/2024\/12\/WhatsApp-Image-2024-12-13-at-13.38.12-3-1024x681.jpeg 1024w, https:\/\/noticiasveracruz.com\/wp-content\/uploads\/2024\/12\/WhatsApp-Image-2024-12-13-at-13.38.12-3-768x511.jpeg 768w, https:\/\/noticiasveracruz.com\/wp-content\/uploads\/2024\/12\/WhatsApp-Image-2024-12-13-at-13.38.12-3-1536x1021.jpeg 1536w, https:\/\/noticiasveracruz.com\/wp-content\/uploads\/2024\/12\/WhatsApp-Image-2024-12-13-at-13.38.12-3.jpeg 1600w\" sizes=\"auto, (max-width: 300px) 100vw, 300px\" \/><\/p>\n<p>Por su parte, la C. Perla Lizeth Cruz, secretaria del Comit\u00e9 de Contralor\u00eda Social y Bienestar dio las gracias al alcalde: \u201csus nombres ser\u00e1n recordados por esta hermosa obra. Ahora nuestros hijos tendr\u00e1n un lugar digno para llevar a cabo sus actividades deportivas\u201d.<\/p>\n","protected":false},"excerpt":{"rendered":"<p>-El alcalde Dr. Jes\u00fas Fomperoza reiter\u00f3 su compromiso con las instituciones educativas del municipio. Tuxpan, Ver., 13 de diciembre de<\/p>\n","protected":false},"author":4,"featured_media":45929,"comment_status":"closed","ping_status":"closed","sticky":false,"template":"","format":"standard","meta":{"colormag_page_container_layout":"default_layout","colormag_page_sidebar_layout":"default_layout","_jetpack_memberships_contains_paid_content":false,"footnotes":"","jetpack_publicize_message":"","jetpack_publicize_feature_enabled":true,"jetpack_social_post_already_shared":true,"jetpack_social_options":{"image_generator_settings":{"template":"highway","default_image_id":0,"font":"","enabled":false},"version":2}},"categories":[3372,356],"tags":[],"class_list":["post-45926","post","type-post","status-publish","format-standard","has-post-thumbnail","hentry","category-gobierno-tuxpan","category-veracruz"],"jetpack_publicize_connections":[],"jetpack_featured_media_url":"https:\/\/noticiasveracruz.com\/wp-content\/uploads\/2024\/12\/WhatsApp-Image-2024-12-13-at-13.38.12-1.jpeg","jetpack_sharing_enabled":true,"publishpress_future_action":{"enabled":false,"date":"2026-05-08 08:48:44","action":"change-status","newStatus":"draft","terms":[],"taxonomy":"category","extraData":[]},"publishpress_future_workflow_manual_trigger":{"enabledWorkflows":[]},"_links":{"self":[{"href":"https:\/\/noticiasveracruz.com\/index.php\/wp-json\/wp\/v2\/posts\/45926","targetHints":{"allow":["GET"]}}],"collection":[{"href":"https:\/\/noticiasveracruz.com\/index.php\/wp-json\/wp\/v2\/posts"}],"about":[{"href":"https:\/\/noticiasveracruz.com\/index.php\/wp-json\/wp\/v2\/types\/post"}],"author":[{"embeddable":true,"href":"https:\/\/noticiasveracruz.com\/index.php\/wp-json\/wp\/v2\/users\/4"}],"replies":[{"embeddable":true,"href":"https:\/\/noticiasveracruz.com\/index.php\/wp-json\/wp\/v2\/comments?post=45926"}],"version-history":[{"count":0,"href":"https:\/\/noticiasveracruz.com\/index.php\/wp-json\/wp\/v2\/posts\/45926\/revisions"}],"wp:featuredmedia":[{"embeddable":true,"href":"https:\/\/noticiasveracruz.com\/index.php\/wp-json\/wp\/v2\/media\/45929"}],"wp:attachment":[{"href":"https:\/\/noticiasveracruz.com\/index.php\/wp-json\/wp\/v2\/media?parent=45926"}],"wp:term":[{"taxonomy":"category","embeddable":true,"href":"https:\/\/noticiasveracruz.com\/index.php\/wp-json\/wp\/v2\/categories?post=45926"},{"taxonomy":"post_tag","embeddable":true,"href":"https:\/\/noticiasveracruz.com\/index.php\/wp-json\/wp\/v2\/tags?post=45926"}],"curies":[{"name":"wp","href":"https:\/\/api.w.org\/{rel}","templated":true}]}}