{"id":45839,"date":"2024-12-10T15:38:34","date_gmt":"2024-12-10T21:38:34","guid":{"rendered":"https:\/\/noticiasveracruz.com\/?p=45839"},"modified":"2024-12-12T15:39:53","modified_gmt":"2024-12-12T21:39:53","slug":"no-se-alarme-del-11-al-15-de-diciembre-se-realizara-un-venteo-controlado-en-ducto-de-tc-energia-2","status":"publish","type":"post","link":"https:\/\/noticiasveracruz.com\/index.php\/2024\/12\/10\/no-se-alarme-del-11-al-15-de-diciembre-se-realizara-un-venteo-controlado-en-ducto-de-tc-energia-2\/","title":{"rendered":"\u00a1No se alarme! Del 11 al 15 de diciembre se realizar\u00e1 un venteo controlado en ducto de TC Energ\u00eda"},"content":{"rendered":"<p><strong>\u2022 El sonido se escuchar\u00e1 principalmente en H\u00e9roes de Nacozari, Tronconal, El Angosto, Alto de San Lorenzo, El Salto y Baltazar<\/strong><\/p>\n<p>Tuxpan, Ver. &#8211; Entre los d\u00edas 11 al 15 de diciembre se realizar\u00e1 un Venteo Controlado en las instalaciones de TC Energ\u00eda, el cual consiste en la liberaci\u00f3n de aire a presi\u00f3n con una duraci\u00f3n de 30 a 40 minutos.<\/p>\n<p>Esta actividad implica que pudiera observarse una columna de aire (solo en caso de estar cerca de las instalaciones) y se escuchar\u00e1 un seseo (sonido que emite esta liberaci\u00f3n). Siendo parte de las actividades normales del proceso de cierre constructivo del ducto.<\/p>\n<p>Por lo anterior, se pide a la poblaci\u00f3n que no se alarme, principalmente a quienes viven en H\u00e9roes de Nacozari, Tronconal, El Angosto, Alto de San Lorenzo, El Salto y Baltazar.<\/p>\n<p>Esto no representa ning\u00fan riesgo para poblaci\u00f3n ni para el medio ambiente.<\/p>\n","protected":false},"excerpt":{"rendered":"<p>\u2022 El sonido se escuchar\u00e1 principalmente en H\u00e9roes de Nacozari, Tronconal, El Angosto, Alto de San Lorenzo, El Salto y<\/p>\n","protected":false},"author":4,"featured_media":45767,"comment_status":"closed","ping_status":"closed","sticky":false,"template":"","format":"standard","meta":{"colormag_page_container_layout":"default_layout","colormag_page_sidebar_layout":"default_layout","_jetpack_memberships_contains_paid_content":false,"footnotes":"","jetpack_publicize_message":"","jetpack_publicize_feature_enabled":true,"jetpack_social_post_already_shared":true,"jetpack_social_options":{"image_generator_settings":{"template":"highway","default_image_id":0,"font":"","enabled":false},"version":2}},"categories":[3372,356],"tags":[],"class_list":["post-45839","post","type-post","status-publish","format-standard","has-post-thumbnail","hentry","category-gobierno-tuxpan","category-veracruz"],"jetpack_publicize_connections":[],"jetpack_featured_media_url":"https:\/\/noticiasveracruz.com\/wp-content\/uploads\/2024\/12\/WhatsApp-Image-2024-12-11-at-18.52.30.jpeg","jetpack_sharing_enabled":true,"publishpress_future_action":{"enabled":false,"date":"2026-05-08 08:44:21","action":"change-status","newStatus":"draft","terms":[],"taxonomy":"category","extraData":[]},"publishpress_future_workflow_manual_trigger":{"enabledWorkflows":[]},"_links":{"self":[{"href":"https:\/\/noticiasveracruz.com\/index.php\/wp-json\/wp\/v2\/posts\/45839","targetHints":{"allow":["GET"]}}],"collection":[{"href":"https:\/\/noticiasveracruz.com\/index.php\/wp-json\/wp\/v2\/posts"}],"about":[{"href":"https:\/\/noticiasveracruz.com\/index.php\/wp-json\/wp\/v2\/types\/post"}],"author":[{"embeddable":true,"href":"https:\/\/noticiasveracruz.com\/index.php\/wp-json\/wp\/v2\/users\/4"}],"replies":[{"embeddable":true,"href":"https:\/\/noticiasveracruz.com\/index.php\/wp-json\/wp\/v2\/comments?post=45839"}],"version-history":[{"count":0,"href":"https:\/\/noticiasveracruz.com\/index.php\/wp-json\/wp\/v2\/posts\/45839\/revisions"}],"wp:featuredmedia":[{"embeddable":true,"href":"https:\/\/noticiasveracruz.com\/index.php\/wp-json\/wp\/v2\/media\/45767"}],"wp:attachment":[{"href":"https:\/\/noticiasveracruz.com\/index.php\/wp-json\/wp\/v2\/media?parent=45839"}],"wp:term":[{"taxonomy":"category","embeddable":true,"href":"https:\/\/noticiasveracruz.com\/index.php\/wp-json\/wp\/v2\/categories?post=45839"},{"taxonomy":"post_tag","embeddable":true,"href":"https:\/\/noticiasveracruz.com\/index.php\/wp-json\/wp\/v2\/tags?post=45839"}],"curies":[{"name":"wp","href":"https:\/\/api.w.org\/{rel}","templated":true}]}}