{"id":4581,"date":"2022-05-23T01:15:19","date_gmt":"2022-05-23T06:15:19","guid":{"rendered":"https:\/\/noticiasveracruz.com\/?p=4581"},"modified":"2022-05-23T00:17:43","modified_gmt":"2022-05-23T05:17:43","slug":"rosario-robles-como-simbolo-de-libertad","status":"publish","type":"post","link":"https:\/\/noticiasveracruz.com\/index.php\/2022\/05\/23\/rosario-robles-como-simbolo-de-libertad\/","title":{"rendered":"Rosario Robles como s\u00edmbolo de libertad"},"content":{"rendered":"<p class=\"p1\">\n<p class=\"p1\"><span style=\"font-size: 18pt;\"><b>Por Jos\u00e9 Ure\u00f1a<\/b><\/span><\/p>\n<p class=\"p1\"><span style=\"font-size: 14pt;\">En la sombra se ha convertido en un s\u00edmbolo de libertad.<\/span><\/p>\n<p class=\"p1\"><span style=\"font-size: 14pt;\">Perseguida desde el poder federal, ninguneada por jueces de consigna, ignorada por quienes la adulaban, Rosario Robles Berlanga avanza con su esp\u00edritu.<\/span><\/p>\n<p class=\"p1\"><span style=\"font-size: 14pt;\">Su iniciativa y su lucha llevaron al presidente de la Suprema Corte de Justicia de la Naci\u00f3n (SCJN), Arturo Zald\u00edvar, al penal de Santa Martha Acatitla.<\/span><\/p>\n<p class=\"p1\"><span style=\"font-size: 14pt;\">El constitucionalista se dijo conmovido por los dramas humanos, pero tambi\u00e9n por la estad\u00edstica: m\u00e1s de 70% de las mujeres recluidas no tienen sentencia.<\/span><\/p>\n<p class=\"p1\"><span style=\"font-size: 14pt;\">A\u00f1os de clamar justicia en vano.<\/span><\/p>\n<p class=\"p1\"><span style=\"font-size: 14pt;\">Rosario Robles es una de ellas, pero en su mensaje no abord\u00f3 su situaci\u00f3n personal ni los agravios iniciados con la infamia del juez Felipe de Jes\u00fas Delgadillo Padierna.<\/span><\/p>\n<p class=\"p1\"><span style=\"font-size: 14pt;\">Robles \u201cestuvo en la reuni\u00f3n, hizo uso de la palabra. No trat\u00f3 su caso en particular, sino los casos generales y particulares que le interesan a las mujeres\u201d, relat\u00f3 Zald\u00edvar al salir.<\/span><\/p>\n<p class=\"p1\"><span style=\"font-size: 14pt;\">Zald\u00edvar prometi\u00f3 actuar porque \u201csi no generamos resultados, medidas, no deja de ser una an\u00e9cdota\u201d la presencia de un ministro de la Corte en un penal.<\/span><\/p>\n<p>&nbsp;<\/p>\n<p class=\"p1\"><span style=\"font-size: 18pt;\"><b>COMIENZAN LAS LIBERACIONES<\/b><\/span><\/p>\n<p class=\"p1\"><span style=\"font-size: 14pt;\">Rosario Robles acus\u00f3 recibo.<\/span><\/p>\n<p class=\"p1\"><span style=\"font-size: 14pt;\">Tuite\u00f3 el fin de semana:<\/span><\/p>\n<p class=\"p1\"><span style=\"font-size: 14pt;\">\u201cGracias ministro @ArturoZaldicvarL, desde ayer que llegaron los defensores p\u00fablicos federales hay una luz de esperanza y mucha alegr\u00edas (sic) en el rostro de las mujeres de Santa Martha\u201d.<\/span><\/p>\n<p class=\"p1\"><span style=\"font-size: 14pt;\">Ser\u00e1n miles las beneficiadas si se respeta la palabra.<\/span><\/p>\n<p class=\"p1\"><span style=\"font-size: 14pt;\">A cientos de kil\u00f3metros, en Tamaulipas, tambi\u00e9n este fin de semana se liber\u00f3 a la ind\u00edgena guatemalteca Juana Alonso Santizo, detenida en 2014.<\/span><\/p>\n<p class=\"p1\"><span style=\"font-size: 14pt;\">No se le proces\u00f3 y el indulto incluye una leyenda vergonzosa para la ley y los derechos humanos: \u201cirregularidades en su proceso\u201d.<\/span><\/p>\n<p class=\"p1\"><span style=\"font-size: 14pt;\">Cuando la promesa sea una realidad, ser\u00e1 un paso m\u00e1s de una lucha muy larga por equidad de g\u00e9nero y justicia en todos los niveles.<\/span><\/p>\n<p class=\"p1\"><span style=\"font-size: 14pt;\">Para el compendio hist\u00f3rico debe quedar ese esfuerzo femenino iniciado en la pol\u00edtica mexicana con la diputada local Elvia Carrillo Puerto en Yucat\u00e1n en 1923 o la nayarita Aurora Jim\u00e9nez Quevedo en el Congreso federal de 1952.<\/span><\/p>\n<p class=\"p1\"><span style=\"font-size: 14pt;\">Esa historia avanza aunque no se cumpla la igualdad ordenada por la ley: 259 diputados federales y 241 diputadas: 51.8% contra 48.2%.<\/span><\/p>\n<p>&nbsp;<\/p>\n<p class=\"p1\"><span style=\"font-size: 18pt;\"><b>GANA SCHERER, PIERDE GERTZ<\/b><\/span><\/p>\n<p class=\"p1\"><span style=\"font-size: 14pt;\">No es un acto de justicia.<\/span><\/p>\n<p class=\"p1\"><span style=\"font-size: 14pt;\">Tiene mejor interpretaci\u00f3n si se entiende la consigna de Palacio Nacional para detener un conflicto cuyas consecuencias manchar\u00edan a todo el Gobierno federal.<\/span><\/p>\n<p class=\"p1\"><span style=\"font-size: 14pt;\">El juez Felipe de Jes\u00fas Delgadillo Padierna ha decidido no procesar a los abogados acusados desde la Fiscal\u00eda General de la Rep\u00fablica (FGR).<\/span><\/p>\n<p class=\"p1\"><span style=\"font-size: 14pt;\">\u201cAcusaciones ficticias\u201d, las calific\u00f3, al tiempo de dar vista a la Comisi\u00f3n Nacional de Derechos Humanos (CNDH) para investigar la actuaci\u00f3n de los fiscales.<\/span><\/p>\n<p class=\"p1\"><span style=\"font-size: 14pt;\">Es decir, no hubo delitos graves para procesar a los abogados Juan Antonio Araujo, C\u00e9sar Omar Gonz\u00e1lez e Isaac P\u00e9rez, y al asesor financiero David G\u00f3mez Arnau.<\/span><\/p>\n<p class=\"p1\"><span style=\"font-size: 14pt;\">Operadores del exdirector jur\u00eddico de la Presidencia, Julio Scherer Ibarra, cuya protecci\u00f3n no le ha sido retirada por su jefe.<\/span><\/p>\n<p class=\"p1\"><span style=\"font-size: 14pt;\">\u00bfOtro mensaje a Alejandro Gertz Manero?<\/span><\/p>\n<p>&nbsp;<\/p>\n<p>&nbsp;<\/p>\n","protected":false},"excerpt":{"rendered":"<p>Por Jos\u00e9 Ure\u00f1a En la sombra se ha convertido en un s\u00edmbolo de libertad. Perseguida desde el poder federal, ninguneada<\/p>\n","protected":false},"author":4,"featured_media":3258,"comment_status":"closed","ping_status":"closed","sticky":false,"template":"","format":"standard","meta":{"colormag_page_container_layout":"default_layout","colormag_page_sidebar_layout":"default_layout","_jetpack_memberships_contains_paid_content":false,"footnotes":"","jetpack_publicize_message":"","jetpack_publicize_feature_enabled":true,"jetpack_social_post_already_shared":false,"jetpack_social_options":{"image_generator_settings":{"template":"highway","default_image_id":0,"font":"","enabled":false},"version":2}},"categories":[6],"tags":[],"class_list":["post-4581","post","type-post","status-publish","format-standard","has-post-thumbnail","hentry","category-columnistas"],"jetpack_publicize_connections":[],"jetpack_featured_media_url":"https:\/\/noticiasveracruz.com\/wp-content\/uploads\/2022\/04\/JOSE\u0301-UREN\u0303A.png","jetpack_sharing_enabled":true,"publishpress_future_action":{"enabled":false,"date":"2026-05-06 09:24:50","action":"change-status","newStatus":"draft","terms":[],"taxonomy":"category","extraData":[]},"publishpress_future_workflow_manual_trigger":{"enabledWorkflows":[]},"_links":{"self":[{"href":"https:\/\/noticiasveracruz.com\/index.php\/wp-json\/wp\/v2\/posts\/4581","targetHints":{"allow":["GET"]}}],"collection":[{"href":"https:\/\/noticiasveracruz.com\/index.php\/wp-json\/wp\/v2\/posts"}],"about":[{"href":"https:\/\/noticiasveracruz.com\/index.php\/wp-json\/wp\/v2\/types\/post"}],"author":[{"embeddable":true,"href":"https:\/\/noticiasveracruz.com\/index.php\/wp-json\/wp\/v2\/users\/4"}],"replies":[{"embeddable":true,"href":"https:\/\/noticiasveracruz.com\/index.php\/wp-json\/wp\/v2\/comments?post=4581"}],"version-history":[{"count":0,"href":"https:\/\/noticiasveracruz.com\/index.php\/wp-json\/wp\/v2\/posts\/4581\/revisions"}],"wp:featuredmedia":[{"embeddable":true,"href":"https:\/\/noticiasveracruz.com\/index.php\/wp-json\/wp\/v2\/media\/3258"}],"wp:attachment":[{"href":"https:\/\/noticiasveracruz.com\/index.php\/wp-json\/wp\/v2\/media?parent=4581"}],"wp:term":[{"taxonomy":"category","embeddable":true,"href":"https:\/\/noticiasveracruz.com\/index.php\/wp-json\/wp\/v2\/categories?post=4581"},{"taxonomy":"post_tag","embeddable":true,"href":"https:\/\/noticiasveracruz.com\/index.php\/wp-json\/wp\/v2\/tags?post=4581"}],"curies":[{"name":"wp","href":"https:\/\/api.w.org\/{rel}","templated":true}]}}