{"id":45757,"date":"2024-12-11T19:17:55","date_gmt":"2024-12-12T01:17:55","guid":{"rendered":"https:\/\/noticiasveracruz.com\/?p=45757"},"modified":"2024-12-12T15:43:06","modified_gmt":"2024-12-12T21:43:06","slug":"se-puso-en-marcha-el-operativo-de-seguridad-guadalupe-reyes-2024","status":"publish","type":"post","link":"https:\/\/noticiasveracruz.com\/index.php\/2024\/12\/11\/se-puso-en-marcha-el-operativo-de-seguridad-guadalupe-reyes-2024\/","title":{"rendered":"Se puso en marcha el Operativo de Seguridad Guadalupe \u2013 Reyes 2024"},"content":{"rendered":"<p><strong>\u2022 El alcalde Dr. Jes\u00fas Fomperoza Torres agradeci\u00f3 la participaci\u00f3n de instituciones de los tres niveles de gobierno y servicios de emergencia, en este dispositivo de seguridad<\/strong><\/p>\n<p>Tuxpan, Ver., 11 de diciembre 2024.- Para garantizar que las fiestas decembrinas se desarrollen en un ambiente de paz y tranquilidad, salvaguardando la integridad f\u00edsica de todas las personas, se puso en marcha el Operativo de Seguridad Guadalupe \u2013 Reyes 2024, que estar\u00e1 vigente hasta el 7 de enero del pr\u00f3ximo a\u00f1o.<\/p>\n<p><img loading=\"lazy\" decoding=\"async\" class=\"alignnone size-medium wp-image-45764\" src=\"http:\/\/noticiasveracruz.com\/wp-content\/uploads\/2024\/12\/WhatsApp-Image-2024-12-11-at-18.52.32-300x200.jpeg\" alt=\"\" width=\"300\" height=\"200\" srcset=\"https:\/\/noticiasveracruz.com\/wp-content\/uploads\/2024\/12\/WhatsApp-Image-2024-12-11-at-18.52.32-300x200.jpeg 300w, https:\/\/noticiasveracruz.com\/wp-content\/uploads\/2024\/12\/WhatsApp-Image-2024-12-11-at-18.52.32-1024x681.jpeg 1024w, https:\/\/noticiasveracruz.com\/wp-content\/uploads\/2024\/12\/WhatsApp-Image-2024-12-11-at-18.52.32-768x511.jpeg 768w, https:\/\/noticiasveracruz.com\/wp-content\/uploads\/2024\/12\/WhatsApp-Image-2024-12-11-at-18.52.32-1536x1021.jpeg 1536w, https:\/\/noticiasveracruz.com\/wp-content\/uploads\/2024\/12\/WhatsApp-Image-2024-12-11-at-18.52.32.jpeg 1600w\" sizes=\"auto, (max-width: 300px) 100vw, 300px\" \/><\/p>\n<p>Participar\u00e1n en estas acciones la Secretar\u00eda de Marina, SEDENA, Guardia Nacional, Seguridad P\u00fablica del Estado, Seguridad P\u00fablica Municipal, Protecci\u00f3n Civil y Bomberos, Transporte P\u00fablico del Estado, Tr\u00e1nsito Municipal y Cruz Roja, as\u00ed como los Servicios de Salud de Veracruz, IMSS, ISSSTE e instituciones como el Hospital Naval, Hospital de Pemex, entre otras.<\/p>\n<p><img loading=\"lazy\" decoding=\"async\" class=\"alignnone size-medium wp-image-45760\" src=\"http:\/\/noticiasveracruz.com\/wp-content\/uploads\/2024\/12\/WhatsApp-Image-2024-12-11-at-18.52.31-3-300x200.jpeg\" alt=\"\" width=\"300\" height=\"200\" srcset=\"https:\/\/noticiasveracruz.com\/wp-content\/uploads\/2024\/12\/WhatsApp-Image-2024-12-11-at-18.52.31-3-300x200.jpeg 300w, https:\/\/noticiasveracruz.com\/wp-content\/uploads\/2024\/12\/WhatsApp-Image-2024-12-11-at-18.52.31-3-1024x681.jpeg 1024w, https:\/\/noticiasveracruz.com\/wp-content\/uploads\/2024\/12\/WhatsApp-Image-2024-12-11-at-18.52.31-3-768x511.jpeg 768w, https:\/\/noticiasveracruz.com\/wp-content\/uploads\/2024\/12\/WhatsApp-Image-2024-12-11-at-18.52.31-3-1536x1021.jpeg 1536w, https:\/\/noticiasveracruz.com\/wp-content\/uploads\/2024\/12\/WhatsApp-Image-2024-12-11-at-18.52.31-3.jpeg 1600w\" sizes=\"auto, (max-width: 300px) 100vw, 300px\" \/><\/p>\n<p>Dieron el banderazo de inicio el alcalde Dr. Jes\u00fas Fomperoza Torres; el vicealmirante C.G. DEM. Miguel \u00c1ngel Garc\u00eda Portillo, comandante del Sector Naval; el Coronel de Infanter\u00eda DEM. Jos\u00e9 Le\u00f3n Corral Mendoza, jefe de Estado Mayor de la 19\u00aa Zona Militar; el Cap. Nav. C.G. I.M. DEM. Miguel \u00c1ngel N\u00fa\u00f1ez R\u00edos, capit\u00e1n de Puerto.<\/p>\n<p><img loading=\"lazy\" decoding=\"async\" class=\"alignnone size-medium wp-image-45758\" src=\"http:\/\/noticiasveracruz.com\/wp-content\/uploads\/2024\/12\/WhatsApp-Image-2024-12-11-at-18.52.31-1-300x169.jpeg\" alt=\"\" width=\"300\" height=\"169\" srcset=\"https:\/\/noticiasveracruz.com\/wp-content\/uploads\/2024\/12\/WhatsApp-Image-2024-12-11-at-18.52.31-1-300x169.jpeg 300w, https:\/\/noticiasveracruz.com\/wp-content\/uploads\/2024\/12\/WhatsApp-Image-2024-12-11-at-18.52.31-1-1024x576.jpeg 1024w, https:\/\/noticiasveracruz.com\/wp-content\/uploads\/2024\/12\/WhatsApp-Image-2024-12-11-at-18.52.31-1-768x432.jpeg 768w, https:\/\/noticiasveracruz.com\/wp-content\/uploads\/2024\/12\/WhatsApp-Image-2024-12-11-at-18.52.31-1-1536x864.jpeg 1536w, https:\/\/noticiasveracruz.com\/wp-content\/uploads\/2024\/12\/WhatsApp-Image-2024-12-11-at-18.52.31-1.jpeg 1600w\" sizes=\"auto, (max-width: 300px) 100vw, 300px\" \/><\/p>\n<p>El Cap. de Fgta. Guillermo Al\u00e1n V\u00e1zquez Guti\u00e9rrez, secretario de Seguridad P\u00fablica Municipal; subdelegado Mart\u00edn Marcos Trujillo, en representaci\u00f3n de la Delegaci\u00f3n Estatal de la Polic\u00eda; el Tte. de Nav. Raymundo Torres Cruz, director de la Polic\u00eda Municipal; el Ing. Ren\u00e9 T\u00e9llez Medina, director de Protecci\u00f3n Civil y Bomberos.<\/p>\n<p>Del mismo modo, la s\u00edndica \u00fanica Mtra. Beatriz Pi\u00f1a Vergara; las regidoras y los regidores Amado Guti\u00e9rrez Lima, Juan G\u00f3mez Garc\u00eda, Anah\u00ed Aguilar L\u00f3pez, Lucero Res\u00e9ndis Ambrocio, Luis Demetrio L\u00f3pez Mar\u00edn, Axel Bernal Herrera.<\/p>\n<p><img loading=\"lazy\" decoding=\"async\" class=\"alignnone size-medium wp-image-45761\" src=\"http:\/\/noticiasveracruz.com\/wp-content\/uploads\/2024\/12\/WhatsApp-Image-2024-12-11-at-18.52.31-300x200.jpeg\" alt=\"\" width=\"300\" height=\"200\" srcset=\"https:\/\/noticiasveracruz.com\/wp-content\/uploads\/2024\/12\/WhatsApp-Image-2024-12-11-at-18.52.31-300x200.jpeg 300w, https:\/\/noticiasveracruz.com\/wp-content\/uploads\/2024\/12\/WhatsApp-Image-2024-12-11-at-18.52.31-1024x681.jpeg 1024w, https:\/\/noticiasveracruz.com\/wp-content\/uploads\/2024\/12\/WhatsApp-Image-2024-12-11-at-18.52.31-768x511.jpeg 768w, https:\/\/noticiasveracruz.com\/wp-content\/uploads\/2024\/12\/WhatsApp-Image-2024-12-11-at-18.52.31-1536x1021.jpeg 1536w, https:\/\/noticiasveracruz.com\/wp-content\/uploads\/2024\/12\/WhatsApp-Image-2024-12-11-at-18.52.31.jpeg 1600w\" sizes=\"auto, (max-width: 300px) 100vw, 300px\" \/><\/p>\n<p>El alcalde Jes\u00fas Fomperoza agradeci\u00f3 a las instituciones de los tres niveles de gobierno y servicios de emergencias que conforman este dispositivo de seguridad: \u201cEstoy convencido de que el trabajo en equipo fortalece nuestra capacidad de respuesta ante cualquier eventualidad o contingencia\u201d, se\u00f1al\u00f3.<\/p>\n<p>Destac\u00f3 que a partir de este fin de semana Tuxpan estar\u00e1 recibiendo una gran cantidad de turistas de varios estados del pa\u00eds, por lo que es necesario velar por su seguridad, por su salud y bienestar.<\/p>\n<p><img loading=\"lazy\" decoding=\"async\" class=\"alignnone size-medium wp-image-45762\" src=\"http:\/\/noticiasveracruz.com\/wp-content\/uploads\/2024\/12\/WhatsApp-Image-2024-12-11-at-18.52.32-1-300x200.jpeg\" alt=\"\" width=\"300\" height=\"200\" srcset=\"https:\/\/noticiasveracruz.com\/wp-content\/uploads\/2024\/12\/WhatsApp-Image-2024-12-11-at-18.52.32-1-300x200.jpeg 300w, https:\/\/noticiasveracruz.com\/wp-content\/uploads\/2024\/12\/WhatsApp-Image-2024-12-11-at-18.52.32-1-1024x681.jpeg 1024w, https:\/\/noticiasveracruz.com\/wp-content\/uploads\/2024\/12\/WhatsApp-Image-2024-12-11-at-18.52.32-1-768x511.jpeg 768w, https:\/\/noticiasveracruz.com\/wp-content\/uploads\/2024\/12\/WhatsApp-Image-2024-12-11-at-18.52.32-1-1536x1021.jpeg 1536w, https:\/\/noticiasveracruz.com\/wp-content\/uploads\/2024\/12\/WhatsApp-Image-2024-12-11-at-18.52.32-1.jpeg 1600w\" sizes=\"auto, (max-width: 300px) 100vw, 300px\" \/><\/p>\n<p>\u201cNuestra recomendaci\u00f3n es que todas y todos disfruten estas fechas en uni\u00f3n familiar, pero sobre todo con responsabilidad ciudadana. Recordemos que la prevenci\u00f3n siempre ser\u00e1 la herramienta m\u00e1s poderosa para garantizar la seguridad y nuestro propio bienestar\u201d, expres\u00f3.<\/p>\n<p>La primera autoridad del municipio reiter\u00f3 el exhorto a la poblaci\u00f3n a no utilizar pirotecnia durante estas fechas por la salud y el bienestar de la comunidad.<\/p>\n<p>Es importante mencionar que, como parte de este operativo, se realizar\u00e1n patrullajes disuasivos en plazas p\u00fablicas, zonas comerciales, mercados, centrales de autobuses, bancos, recintos religiosos, playas, as\u00ed como en colonias y las comunidades m\u00e1s apartadas del municipio.<\/p>\n","protected":false},"excerpt":{"rendered":"<p>\u2022 El alcalde Dr. Jes\u00fas Fomperoza Torres agradeci\u00f3 la participaci\u00f3n de instituciones de los tres niveles de gobierno y servicios<\/p>\n","protected":false},"author":4,"featured_media":45759,"comment_status":"closed","ping_status":"closed","sticky":false,"template":"","format":"standard","meta":{"colormag_page_container_layout":"default_layout","colormag_page_sidebar_layout":"default_layout","_jetpack_memberships_contains_paid_content":false,"footnotes":"","jetpack_publicize_message":"","jetpack_publicize_feature_enabled":true,"jetpack_social_post_already_shared":true,"jetpack_social_options":{"image_generator_settings":{"template":"highway","default_image_id":0,"font":"","enabled":false},"version":2}},"categories":[3372,356],"tags":[],"class_list":["post-45757","post","type-post","status-publish","format-standard","has-post-thumbnail","hentry","category-gobierno-tuxpan","category-veracruz"],"jetpack_publicize_connections":[],"jetpack_featured_media_url":"https:\/\/noticiasveracruz.com\/wp-content\/uploads\/2024\/12\/WhatsApp-Image-2024-12-11-at-18.52.31-2.jpeg","jetpack_sharing_enabled":true,"publishpress_future_action":{"enabled":false,"date":"2026-05-08 08:53:18","action":"change-status","newStatus":"draft","terms":[],"taxonomy":"category","extraData":[]},"publishpress_future_workflow_manual_trigger":{"enabledWorkflows":[]},"_links":{"self":[{"href":"https:\/\/noticiasveracruz.com\/index.php\/wp-json\/wp\/v2\/posts\/45757","targetHints":{"allow":["GET"]}}],"collection":[{"href":"https:\/\/noticiasveracruz.com\/index.php\/wp-json\/wp\/v2\/posts"}],"about":[{"href":"https:\/\/noticiasveracruz.com\/index.php\/wp-json\/wp\/v2\/types\/post"}],"author":[{"embeddable":true,"href":"https:\/\/noticiasveracruz.com\/index.php\/wp-json\/wp\/v2\/users\/4"}],"replies":[{"embeddable":true,"href":"https:\/\/noticiasveracruz.com\/index.php\/wp-json\/wp\/v2\/comments?post=45757"}],"version-history":[{"count":0,"href":"https:\/\/noticiasveracruz.com\/index.php\/wp-json\/wp\/v2\/posts\/45757\/revisions"}],"wp:featuredmedia":[{"embeddable":true,"href":"https:\/\/noticiasveracruz.com\/index.php\/wp-json\/wp\/v2\/media\/45759"}],"wp:attachment":[{"href":"https:\/\/noticiasveracruz.com\/index.php\/wp-json\/wp\/v2\/media?parent=45757"}],"wp:term":[{"taxonomy":"category","embeddable":true,"href":"https:\/\/noticiasveracruz.com\/index.php\/wp-json\/wp\/v2\/categories?post=45757"},{"taxonomy":"post_tag","embeddable":true,"href":"https:\/\/noticiasveracruz.com\/index.php\/wp-json\/wp\/v2\/tags?post=45757"}],"curies":[{"name":"wp","href":"https:\/\/api.w.org\/{rel}","templated":true}]}}