{"id":45754,"date":"2024-12-11T11:03:56","date_gmt":"2024-12-11T17:03:56","guid":{"rendered":"https:\/\/noticiasveracruz.com\/?p=45754"},"modified":"2024-12-11T11:03:56","modified_gmt":"2024-12-11T17:03:56","slug":"con-cualquier-embajador-de-eu-siempre-defenderemos-nuestra-soberania-sheinbaum","status":"publish","type":"post","link":"https:\/\/noticiasveracruz.com\/index.php\/2024\/12\/11\/con-cualquier-embajador-de-eu-siempre-defenderemos-nuestra-soberania-sheinbaum\/","title":{"rendered":"Con cualquier embajador de EU siempre defenderemos nuestra soberan\u00eda: Sheinbaum"},"content":{"rendered":"<p>Ante el nombramiento del pr\u00f3ximo embajador de Estados Unidos en M\u00e9xico, el coronel retirado Ronald D. Johnson, ex oficial de la CIA y ex miembro de fuerzas especiales del ej\u00e9rcito, la presidenta Claudia Sheinbaum Pardo asegur\u00f3 que \u201ccon este embajador o con otros vamos a defender nuestra soberan\u00eda, nuestra condici\u00f3n de igualdad y vamos a colaborar y a cooperar en todo lo que se requiera, pero siempre en inter\u00e9s del pueblo de M\u00e9xico y de la naci\u00f3n\u201d.<\/p>\n<p>Las y los mexicanos \u201ctengan la certeza de que nosotros siempre vamos a defender a M\u00e9xico como un pa\u00eds libre, soberano, independiente\u201d. Estoy convencida que \u201cen todos los temas va a haber acuerdo, siempre defendiendo a M\u00e9xico, poniendo en alto su nombre y sin subordinarnos a las necesidades solamente de Estados Unidos\u201d, subray\u00f3.<\/p>\n<p>Resalt\u00f3 que en M\u00e9xico \u201ctenemos una enorme riqueza cultural, econom\u00eda y cualquier colaboraci\u00f3n, coordinaci\u00f3n con el gobierno, particularmente de Estados Unidos, va a ser de iguales, siempre lo tenemos que defender\u201d.<\/p>\n<p>Record\u00f3 que sobre todo en el gobierno de Felipe Calder\u00f3n \u201chubo mucha subordinaci\u00f3n; nosotros, no. Vamos a colaborar, vamos a coordinarnos, pero sin subordinarnos. Siempre poniendo en alto el nombre de M\u00e9xico\u201d.<\/p>\n<p>Agreg\u00f3: \u201cfrente al embajador que ayer nombr\u00f3 el presidente Trump o las acciones que se han realizado, no solo en Sinaloa, sino en todo el pa\u00eds, son acciones que tenemos que desarrollar y que se est\u00e1n haciendo con la estrategia de seguridad que planteamos\u201d.<\/p>\n<p>Dijo que deben ambos gobiernos deben colaborar y cit\u00f3 la frontera en com\u00fan de m\u00e1s de 3 mil kil\u00f3metros.<\/p>\n<p>&nbsp;<\/p>\n","protected":false},"excerpt":{"rendered":"<p>Ante el nombramiento del pr\u00f3ximo embajador de Estados Unidos en M\u00e9xico, el coronel retirado Ronald D. Johnson, ex oficial de<\/p>\n","protected":false},"author":4,"featured_media":45755,"comment_status":"closed","ping_status":"closed","sticky":false,"template":"","format":"standard","meta":{"colormag_page_container_layout":"default_layout","colormag_page_sidebar_layout":"default_layout","_jetpack_memberships_contains_paid_content":false,"footnotes":"","jetpack_publicize_message":"","jetpack_publicize_feature_enabled":true,"jetpack_social_post_already_shared":true,"jetpack_social_options":{"image_generator_settings":{"template":"highway","default_image_id":0,"font":"","enabled":false},"version":2}},"categories":[4],"tags":[],"class_list":["post-45754","post","type-post","status-publish","format-standard","has-post-thumbnail","hentry","category-nacional"],"jetpack_publicize_connections":[],"jetpack_featured_media_url":"https:\/\/noticiasveracruz.com\/wp-content\/uploads\/2024\/12\/SHEEE.jpg","jetpack_sharing_enabled":true,"publishpress_future_action":{"enabled":false,"date":"2026-05-08 09:46:46","action":"change-status","newStatus":"draft","terms":[],"taxonomy":"category","extraData":[]},"publishpress_future_workflow_manual_trigger":{"enabledWorkflows":[]},"_links":{"self":[{"href":"https:\/\/noticiasveracruz.com\/index.php\/wp-json\/wp\/v2\/posts\/45754","targetHints":{"allow":["GET"]}}],"collection":[{"href":"https:\/\/noticiasveracruz.com\/index.php\/wp-json\/wp\/v2\/posts"}],"about":[{"href":"https:\/\/noticiasveracruz.com\/index.php\/wp-json\/wp\/v2\/types\/post"}],"author":[{"embeddable":true,"href":"https:\/\/noticiasveracruz.com\/index.php\/wp-json\/wp\/v2\/users\/4"}],"replies":[{"embeddable":true,"href":"https:\/\/noticiasveracruz.com\/index.php\/wp-json\/wp\/v2\/comments?post=45754"}],"version-history":[{"count":0,"href":"https:\/\/noticiasveracruz.com\/index.php\/wp-json\/wp\/v2\/posts\/45754\/revisions"}],"wp:featuredmedia":[{"embeddable":true,"href":"https:\/\/noticiasveracruz.com\/index.php\/wp-json\/wp\/v2\/media\/45755"}],"wp:attachment":[{"href":"https:\/\/noticiasveracruz.com\/index.php\/wp-json\/wp\/v2\/media?parent=45754"}],"wp:term":[{"taxonomy":"category","embeddable":true,"href":"https:\/\/noticiasveracruz.com\/index.php\/wp-json\/wp\/v2\/categories?post=45754"},{"taxonomy":"post_tag","embeddable":true,"href":"https:\/\/noticiasveracruz.com\/index.php\/wp-json\/wp\/v2\/tags?post=45754"}],"curies":[{"name":"wp","href":"https:\/\/api.w.org\/{rel}","templated":true}]}}