{"id":45751,"date":"2024-12-11T10:00:48","date_gmt":"2024-12-11T16:00:48","guid":{"rendered":"https:\/\/noticiasveracruz.com\/?p=45751"},"modified":"2024-12-11T10:00:48","modified_gmt":"2024-12-11T16:00:48","slug":"basta-ya-de-confabulaciones","status":"publish","type":"post","link":"https:\/\/noticiasveracruz.com\/index.php\/2024\/12\/11\/basta-ya-de-confabulaciones\/","title":{"rendered":"BASTA YA DE CONFABULACIONES"},"content":{"rendered":"<p>Hablemos claro, aunque en pasados sexenios hayan existido gobernantes que asumieron el poder pol\u00edtico \u2018\u2019como una cosa de su propiedad\u2019\u2019, como un \u2018\u2019derecho que recibieron de su pueblo sabio\u2019\u2019 o que \u2018\u2019heredaron del neoliberalismo\u2019\u2019, en la ra\u00edz misma de nuestra Constituci\u00f3n Pol\u00edtica de los Estados Unidos Mexicanos se define que el poder pol\u00edtico \u00fanicamente se encuentra al servicio del bienestar para M\u00e9xico.<\/p>\n<p>En nuestro Pacto Federal se establece de manera clara que todo el poder p\u00fablico queda incluido para beneficio \u00fanica y exclusivamente de la totalidad del pueblo de M\u00e9xico, sin que ning\u00fan grupo partidista, se llame como se llame, pueda esgrimir un derecho superior que el que originalmente le corresponde a esa totalidad del pueblo que habita en nuestros confines, sean ellos opositores o aplaudidores.<\/p>\n<p>El Poder Ejecutivo Federal y nuestras instituciones solo deben de tener validez para servir a la totalidad de los gobernados, cualquier partido pol\u00edtico y aqu\u00ed se incluye al Movimiento de Regeneraci\u00f3n Nacional, que pretendan sojuzgar a los mexicanos (en su totalidad o parcialidad) esclaviz\u00e1ndolos en engranaje de sus pensamientos y acciones, es contrario y contraria la esencia, letra y esp\u00edritu de nuestra Constituci\u00f3n Republicana.<\/p>\n<p>La resistencia del grupo opositor a la gobernanza, reside en que de hecho gobierno y gobernados no colaboran en el prop\u00f3sito com\u00fan de dar lustre al nombre de M\u00e9xico, lo cual arrojar\u00eda un beneficio\u00a0 que \u00a0haga valer el mismo derecho para todos, \u00a0concretando con ello \u00a0la realizaci\u00f3n de una com\u00fan aspiraci\u00f3n que busca el bienestar para nuestra Patria.<\/p>\n<p>Para Claudia Sheinbaum Pardo como Primera Magistrada de la Naci\u00f3n, le debe de quedar bien claro que en la actualidad la paz y seguridad tiene que estar siempre apoyada por el poder p\u00fablico y que a este no le compete ni le conviene apoyar y consentir al poder de la narco-pol\u00edtica, ni a ning\u00fan otro poder que trastoque el bienestar para M\u00e9xico.<\/p>\n<p>La paz y seguridad que merece y tiene que alcanzar M\u00e9xico, no debe de encontrarse fundada en treguas, en esperas, en contemplaciones, ni en complicidades con ese poder pol\u00edtico delincuencial; la paz y seguridad de M\u00e9xico debe ser permanentemente fincada en una pol\u00edtica de seguridad total, sin amenazas, sin extorciones, sin levantones y sin complicidades con la narco-pol\u00edtica.<\/p>\n<p>La Academia de Derecho Penal del Colegio Nacional de Abogados Foro de M\u00e9xico, bien sabe que, el indispensable progreso para M\u00e9xico se finca en una superaci\u00f3n moral de gobierno y este debe de encaminarse hacia el objetivo determinado de investigar, accionar, procesar, juzgar, encarcelar y sentenciar al narco-pol\u00edtico que atrajo ese poder despreciable para enriquecerse y para atraer con ello impunidad.<\/p>\n<p>\u00bfSer\u00e1 posible lograr ello?<\/p>\n<p>Es cu\u00e1nto.<\/p>\n<p>&nbsp;<\/p>\n<p><strong>Lic. Alberto Woolrich Ort\u00edz.<\/strong><\/p>\n<p>Presidente de la Academia de Derecho Penal<\/p>\n<p>del Colegio Nacional de Abogados Foro de M\u00e9xico, A.C..<\/p>\n<p><img loading=\"lazy\" decoding=\"async\" class=\"alignnone wp-image-45620 size-full\" src=\"http:\/\/noticiasveracruz.com\/wp-content\/uploads\/2024\/12\/FIRMA-EDITORIAL-PD.jpg\" alt=\"\" width=\"1024\" height=\"125\" srcset=\"https:\/\/noticiasveracruz.com\/wp-content\/uploads\/2024\/12\/FIRMA-EDITORIAL-PD.jpg 1024w, https:\/\/noticiasveracruz.com\/wp-content\/uploads\/2024\/12\/FIRMA-EDITORIAL-PD-300x37.jpg 300w, https:\/\/noticiasveracruz.com\/wp-content\/uploads\/2024\/12\/FIRMA-EDITORIAL-PD-768x94.jpg 768w\" sizes=\"auto, (max-width: 1024px) 100vw, 1024px\" \/><\/p>\n","protected":false},"excerpt":{"rendered":"<p>Hablemos claro, aunque en pasados sexenios hayan existido gobernantes que asumieron el poder pol\u00edtico \u2018\u2019como una cosa de su propiedad\u2019\u2019,<\/p>\n","protected":false},"author":4,"featured_media":39651,"comment_status":"closed","ping_status":"closed","sticky":false,"template":"","format":"standard","meta":{"colormag_page_container_layout":"default_layout","colormag_page_sidebar_layout":"default_layout","_jetpack_memberships_contains_paid_content":false,"footnotes":"","jetpack_publicize_message":"","jetpack_publicize_feature_enabled":true,"jetpack_social_post_already_shared":true,"jetpack_social_options":{"image_generator_settings":{"template":"highway","default_image_id":0,"font":"","enabled":false},"version":2}},"categories":[6],"tags":[],"class_list":["post-45751","post","type-post","status-publish","format-standard","has-post-thumbnail","hentry","category-columnistas"],"jetpack_publicize_connections":[],"jetpack_featured_media_url":"https:\/\/noticiasveracruz.com\/wp-content\/uploads\/2024\/09\/NV-ALBERTO-WOOLRICH-2.jpg","jetpack_sharing_enabled":true,"publishpress_future_action":{"enabled":false,"date":"2026-05-08 10:38:52","action":"change-status","newStatus":"draft","terms":[],"taxonomy":"category","extraData":[]},"publishpress_future_workflow_manual_trigger":{"enabledWorkflows":[]},"_links":{"self":[{"href":"https:\/\/noticiasveracruz.com\/index.php\/wp-json\/wp\/v2\/posts\/45751","targetHints":{"allow":["GET"]}}],"collection":[{"href":"https:\/\/noticiasveracruz.com\/index.php\/wp-json\/wp\/v2\/posts"}],"about":[{"href":"https:\/\/noticiasveracruz.com\/index.php\/wp-json\/wp\/v2\/types\/post"}],"author":[{"embeddable":true,"href":"https:\/\/noticiasveracruz.com\/index.php\/wp-json\/wp\/v2\/users\/4"}],"replies":[{"embeddable":true,"href":"https:\/\/noticiasveracruz.com\/index.php\/wp-json\/wp\/v2\/comments?post=45751"}],"version-history":[{"count":0,"href":"https:\/\/noticiasveracruz.com\/index.php\/wp-json\/wp\/v2\/posts\/45751\/revisions"}],"wp:featuredmedia":[{"embeddable":true,"href":"https:\/\/noticiasveracruz.com\/index.php\/wp-json\/wp\/v2\/media\/39651"}],"wp:attachment":[{"href":"https:\/\/noticiasveracruz.com\/index.php\/wp-json\/wp\/v2\/media?parent=45751"}],"wp:term":[{"taxonomy":"category","embeddable":true,"href":"https:\/\/noticiasveracruz.com\/index.php\/wp-json\/wp\/v2\/categories?post=45751"},{"taxonomy":"post_tag","embeddable":true,"href":"https:\/\/noticiasveracruz.com\/index.php\/wp-json\/wp\/v2\/tags?post=45751"}],"curies":[{"name":"wp","href":"https:\/\/api.w.org\/{rel}","templated":true}]}}