{"id":4575,"date":"2022-05-23T01:35:45","date_gmt":"2022-05-23T06:35:45","guid":{"rendered":"https:\/\/noticiasveracruz.com\/?p=4575"},"modified":"2022-05-22T23:58:58","modified_gmt":"2022-05-23T04:58:58","slug":"la-historia-de-un-descobijado","status":"publish","type":"post","link":"https:\/\/noticiasveracruz.com\/index.php\/2022\/05\/23\/la-historia-de-un-descobijado\/","title":{"rendered":"La historia de un descobijado"},"content":{"rendered":"<p class=\"p1\">\n<p class=\"p1\"><span style=\"font-size: 18pt;\"><b>Por Luis Ram\u00edrez Baqueiro<\/b><\/span><\/p>\n<p class=\"p1\">\n<p class=\"p1\"><em><strong><span style=\"font-size: 18pt;\">\u201cLa falsedad est\u00e1 tan cercana a la verdad, que el hombre prudente no debe situarse en un terreno resbaladizo\u201d <\/span><\/strong><\/em><\/p>\n<p class=\"p1\"><span style=\"font-size: 18pt;\">\u2013\u00a0Marco Tulio Cicer\u00f3n \u2013\u00a0<\/span><\/p>\n<p class=\"p1\">\n<p class=\"p1\"><span style=\"font-size: 14pt;\">Finalmente, el gobernador de Veracruz, Cuitl\u00e1huac Garc\u00eda Jim\u00e9nez comienza a mover las fichas de su tablero de ajedrez.<\/span><\/p>\n<p class=\"p1\"><span style=\"font-size: 14pt;\">La salida de Xochitl Arbes\u00fa Lago, en la Secretar\u00eda de Turismo, junto a la de Roberto Ramos Alor en Salud, obedecen m\u00e1s al p\u00e9simo desempe\u00f1o que tuvieron en sus \u00e1reas, que a la realidad pol\u00edtica que enfrentan los tiempos preelectorales.<\/span><\/p>\n<p class=\"p1\"><span style=\"font-size: 14pt;\">Con la llegada del 4 a\u00f1o de administraci\u00f3n, es com\u00fan que los gobernadores den por pagado el pacto o acuerdo con quien dentro de su mismo partido aspir\u00f3 a ser candidato justo al mismo tiempo que \u00e9l.<\/span><\/p>\n<p class=\"p1\"><span style=\"font-size: 14pt;\">Por consiguiente, si los pactos se cumplen, la pr\u00f3xima candidata al Gobierno de Veracruz por Morena habr\u00e1 de ser la misma Roc\u00edo Nahle Garc\u00eda, quien llev\u00f3 mano en la colocaci\u00f3n de algunas posiciones dentro del Gabinete de cara a la construcci\u00f3n de la que ser\u00e1 su campa\u00f1a electoral en el 2024.<\/span><\/p>\n<p class=\"p1\"><span style=\"font-size: 14pt;\">Finalmente, dos de sus recomendados y personajes m\u00e1s cercanos han salido de la administraci\u00f3n estatal, dejando detr\u00e1s al \u00faltimo de ellos, el que, por mucho, m\u00e1s da\u00f1o ha infringido a la administraci\u00f3n estatal, manch\u00e1ndola en todo momento.<\/span><\/p>\n<p class=\"p1\"><span style=\"font-size: 14pt;\">As\u00ed E. Patrocinio Cisneros Burgos se convierte en ese hu\u00e9rfano de madre, que busca a toda costa un cachito de cobija gubernamental para transitar en el 2024, sabedor que es la principal presa en el entramado que habr\u00e1 de pagar las consecuencias de una lamentable y triste administraci\u00f3n, que pec\u00f3 m\u00e1s de soberbia, que de inteligente en cuanto a su proceder.<\/span><\/p>\n<p class=\"p1\"><span style=\"font-size: 14pt;\">Los negocios que al amparo del poder se construyeron, fueron el com\u00fan denominador en la historia del entramado pol\u00edtico del movimiento transformador que de la mano de Cisneros Burgos se convirtieron en una especie de patente de corso para delinquir y extorsionar a todo cuanto funcionario p\u00fablico pudo.<\/span><\/p>\n<p class=\"p1\"><span style=\"font-size: 14pt;\">Ni hablar de la violencia que gener\u00f3 su paso por la principal tarea que tiene todo gobierno, que es la de generar los elementos de estabilidad y certeza para la construcci\u00f3n de la paz social, tan necesaria en medio de la peor crisis de seguridad de la historia.<\/span><\/p>\n<p class=\"p1\"><span style=\"font-size: 14pt;\">Y aun cuando el personaje sigue despachando en Palacio de Gobierno, y dif\u00edcilmente se observa posibilidad de salida, lo cierto es que su otrora poder absoluto ha comenzado a menguar afirman, lo cercanos al mismo Gobernador Garc\u00eda Jim\u00e9nez, a sabiendas de que una m\u00e1s en su proceder y no habr\u00e1 nada que lo salve del cadalso.<\/span><\/p>\n<p class=\"p1\"><span style=\"font-size: 14pt;\">Durante el fin de semana absurda result\u00f3 la campa\u00f1a de intento de rescate de la imagen p\u00fablica del recientemente despedido Roberto Ramos Alor, al afirmar que trae proyecto para ir en pos de la diputaci\u00f3n federal por Morena.<\/span><\/p>\n<p class=\"p1\"><span style=\"font-size: 14pt;\">\u00bfCon qu\u00e9 cartas credenciales se pretende presentar ante el electorado? cuando por todos lados apesta a muerto, tan solo con el tema de los medicamentos oncol\u00f3gicos dejados caducar a la malague\u00f1a en las bodegas de los Servicios de Salud de Veracruz, aun cuando afirmen lo contrario.<\/span><\/p>\n<p class=\"p1\"><span style=\"font-size: 14pt;\">Porque si se le olvida sobre \u00e9l pesan se\u00f1alamientos de venta de equipos y saqueo de material hospitalario que inclusive apareci\u00f3 en casa de particulares por aparentes extra\u00f1as circunstancias, digo si es que ya tambi\u00e9n se les olvido.<\/span><\/p>\n<p class=\"p1\"><span style=\"font-size: 14pt;\">As\u00ed que la historia pol\u00edtica de estos descobijados, comenzar\u00e1 a ser la de un triste final para un grupo que abus\u00f3 de la confianza de quien los propuso, en el caso de Roc\u00edo Nahle y del mismo Gobernador, Garc\u00eda Jim\u00e9nez que les tuvo que solapar sus rapacer\u00edas.<\/span><\/p>\n<p class=\"p1\"><strong><span style=\"font-size: 18pt;\">\u00a0Al tiempo.<\/span><\/strong><\/p>\n<p>&nbsp;<\/p>\n<p>&nbsp;<\/p>\n<p class=\"p1\"><span style=\"font-size: 18pt;\"><strong>Correo:\u00a0<a href=\"mailto:astrolabiopoliticomx@gmail.com\">astrolabiopoliticomx@gmail.com<\/a><\/strong><\/span><\/p>\n<p class=\"p1\"><span style=\"font-size: 18pt;\"><strong>Twitter: <a href=\"https:\/\/twitter.com\/LuisBaqueiro_mx\">@LuisBaqueiro_mx<\/a><\/strong><\/span><\/p>\n<p>&nbsp;<\/p>\n<p>&nbsp;<\/p>\n<p>&nbsp;<\/p>\n<p>&nbsp;<\/p>\n<p>&nbsp;<\/p>\n<p>&nbsp;<\/p>\n","protected":false},"excerpt":{"rendered":"<p>Por Luis Ram\u00edrez Baqueiro \u201cLa falsedad est\u00e1 tan cercana a la verdad, que el hombre prudente no debe situarse en<\/p>\n","protected":false},"author":4,"featured_media":3572,"comment_status":"closed","ping_status":"closed","sticky":false,"template":"","format":"standard","meta":{"colormag_page_container_layout":"default_layout","colormag_page_sidebar_layout":"default_layout","_jetpack_memberships_contains_paid_content":false,"footnotes":"","jetpack_publicize_message":"","jetpack_publicize_feature_enabled":true,"jetpack_social_post_already_shared":false,"jetpack_social_options":{"image_generator_settings":{"template":"highway","default_image_id":0,"font":"","enabled":false},"version":2}},"categories":[6],"tags":[],"class_list":["post-4575","post","type-post","status-publish","format-standard","has-post-thumbnail","hentry","category-columnistas"],"jetpack_publicize_connections":[],"jetpack_featured_media_url":"https:\/\/noticiasveracruz.com\/wp-content\/uploads\/2022\/04\/LUIS-RAMI\u0301REZ-BAQUEIRO.png","jetpack_sharing_enabled":true,"publishpress_future_action":{"enabled":false,"date":"2026-05-06 10:56:39","action":"change-status","newStatus":"draft","terms":[],"taxonomy":"category","extraData":[]},"publishpress_future_workflow_manual_trigger":{"enabledWorkflows":[]},"_links":{"self":[{"href":"https:\/\/noticiasveracruz.com\/index.php\/wp-json\/wp\/v2\/posts\/4575","targetHints":{"allow":["GET"]}}],"collection":[{"href":"https:\/\/noticiasveracruz.com\/index.php\/wp-json\/wp\/v2\/posts"}],"about":[{"href":"https:\/\/noticiasveracruz.com\/index.php\/wp-json\/wp\/v2\/types\/post"}],"author":[{"embeddable":true,"href":"https:\/\/noticiasveracruz.com\/index.php\/wp-json\/wp\/v2\/users\/4"}],"replies":[{"embeddable":true,"href":"https:\/\/noticiasveracruz.com\/index.php\/wp-json\/wp\/v2\/comments?post=4575"}],"version-history":[{"count":0,"href":"https:\/\/noticiasveracruz.com\/index.php\/wp-json\/wp\/v2\/posts\/4575\/revisions"}],"wp:featuredmedia":[{"embeddable":true,"href":"https:\/\/noticiasveracruz.com\/index.php\/wp-json\/wp\/v2\/media\/3572"}],"wp:attachment":[{"href":"https:\/\/noticiasveracruz.com\/index.php\/wp-json\/wp\/v2\/media?parent=4575"}],"wp:term":[{"taxonomy":"category","embeddable":true,"href":"https:\/\/noticiasveracruz.com\/index.php\/wp-json\/wp\/v2\/categories?post=4575"},{"taxonomy":"post_tag","embeddable":true,"href":"https:\/\/noticiasveracruz.com\/index.php\/wp-json\/wp\/v2\/tags?post=4575"}],"curies":[{"name":"wp","href":"https:\/\/api.w.org\/{rel}","templated":true}]}}