{"id":45745,"date":"2024-12-11T01:18:22","date_gmt":"2024-12-11T07:18:22","guid":{"rendered":"https:\/\/noticiasveracruz.com\/?p=45745"},"modified":"2024-12-11T01:18:22","modified_gmt":"2024-12-11T07:18:22","slug":"gobernadora-marina-del-pilar-asume-presidencia-de-la-conago","status":"publish","type":"post","link":"https:\/\/noticiasveracruz.com\/index.php\/2024\/12\/11\/gobernadora-marina-del-pilar-asume-presidencia-de-la-conago\/","title":{"rendered":"Gobernadora Marina del Pilar asume presidencia de la Conago"},"content":{"rendered":"<p class=\"western\" lang=\"en-US\">La gobernadora de Baja California, Marina del Pilar \u00c1vila Olmeda, asumi\u00f3 la presidencia de la Conferencia Nacional de Gobernadoras y Gobernadores (CONAGO), donde anunci\u00f3 el fortalecimiento del federalismo y la colaboraci\u00f3n entre las entidades federativas y el Gobierno de M<span lang=\"fr-FR\">\u00e9<\/span><span lang=\"pt-PT\">xico.<\/span><\/p>\n<p class=\"western\" lang=\"en-US\">En su intervenci\u00f3<span lang=\"fr-FR\">n, expres<\/span>\u00f3 su agradecimiento a la presidenta de M<span lang=\"fr-FR\">\u00e9<\/span>xico, Claudia Sheinbaum Pardo, por el apoyo brindado en esta tarea, cuyo objetivo es consolidar el bienestar de las familias mexicanas en todo el pa\u00ed<span lang=\"pt-PT\">s.<\/span><\/p>\n<p class=\"western\" lang=\"en-US\">Tambi<span lang=\"fr-FR\">\u00e9<\/span>n resalt\u00f3 la importancia de trabajar de manera unificada con las y los gobernadores del pa\u00eds para enfrentar los principales retos nacionales, como la seguridad, el desarrollo econ\u00f3mico y la justicia social.<\/p>\n<p class=\"western\" lang=\"en-US\">Para la mandataria, la CONAGO debe ser un espacio plural y de respeto mutuo, donde se promueva el bienestar de las y los mexicanos a trav<span lang=\"fr-FR\">\u00e9<\/span>s de esfuerzos originados en todas las regiones del pa\u00ed<span lang=\"pt-PT\">s.<\/span><\/p>\n<p class=\"western\" lang=\"en-US\">\u201cAprovecharemos este espacio para poner en la agenda nacional los temas que contribuyan a nuestra seguridad, al combate a la pobreza, la atenci\u00f3n a la migraci\u00f3n y la consolidaci\u00f3n del bienestar en este segundo piso de la Cuarta Transformaci\u00f3n\u201d<span lang=\"fr-FR\">, expres<\/span>\u00f3.<\/p>\n<p class=\"western\" lang=\"en-US\">Adem\u00e1<span lang=\"pt-PT\">s, anunci<\/span>\u00f3 el inicio de un proceso constituyente para modernizar la operaci\u00f3n de la CONAGO, garantizando mayor transparencia y efectividad en su funcionamiento. Este proceso culminar\u00e1 con la presentaci\u00f3n de un nuevo modelo de la conferencia, programada para el pr\u00f3ximo 5 de febrero de 2025, en el marco del aniversario de la Constituci\u00f3n.<\/p>\n","protected":false},"excerpt":{"rendered":"<p>La gobernadora de Baja California, Marina del Pilar \u00c1vila Olmeda, asumi\u00f3 la presidencia de la Conferencia Nacional de Gobernadoras y<\/p>\n","protected":false},"author":4,"featured_media":45746,"comment_status":"closed","ping_status":"closed","sticky":false,"template":"","format":"standard","meta":{"colormag_page_container_layout":"default_layout","colormag_page_sidebar_layout":"default_layout","_jetpack_memberships_contains_paid_content":false,"footnotes":"","jetpack_publicize_message":"","jetpack_publicize_feature_enabled":true,"jetpack_social_post_already_shared":true,"jetpack_social_options":{"image_generator_settings":{"template":"highway","default_image_id":0,"font":"","enabled":false},"version":2}},"categories":[145],"tags":[],"class_list":["post-45745","post","type-post","status-publish","format-standard","has-post-thumbnail","hentry","category-estados"],"jetpack_publicize_connections":[],"jetpack_featured_media_url":"https:\/\/noticiasveracruz.com\/wp-content\/uploads\/2024\/12\/gob.jpg","jetpack_sharing_enabled":true,"publishpress_future_action":{"enabled":false,"date":"2026-05-08 12:25:15","action":"change-status","newStatus":"draft","terms":[],"taxonomy":"category","extraData":[]},"publishpress_future_workflow_manual_trigger":{"enabledWorkflows":[]},"_links":{"self":[{"href":"https:\/\/noticiasveracruz.com\/index.php\/wp-json\/wp\/v2\/posts\/45745","targetHints":{"allow":["GET"]}}],"collection":[{"href":"https:\/\/noticiasveracruz.com\/index.php\/wp-json\/wp\/v2\/posts"}],"about":[{"href":"https:\/\/noticiasveracruz.com\/index.php\/wp-json\/wp\/v2\/types\/post"}],"author":[{"embeddable":true,"href":"https:\/\/noticiasveracruz.com\/index.php\/wp-json\/wp\/v2\/users\/4"}],"replies":[{"embeddable":true,"href":"https:\/\/noticiasveracruz.com\/index.php\/wp-json\/wp\/v2\/comments?post=45745"}],"version-history":[{"count":0,"href":"https:\/\/noticiasveracruz.com\/index.php\/wp-json\/wp\/v2\/posts\/45745\/revisions"}],"wp:featuredmedia":[{"embeddable":true,"href":"https:\/\/noticiasveracruz.com\/index.php\/wp-json\/wp\/v2\/media\/45746"}],"wp:attachment":[{"href":"https:\/\/noticiasveracruz.com\/index.php\/wp-json\/wp\/v2\/media?parent=45745"}],"wp:term":[{"taxonomy":"category","embeddable":true,"href":"https:\/\/noticiasveracruz.com\/index.php\/wp-json\/wp\/v2\/categories?post=45745"},{"taxonomy":"post_tag","embeddable":true,"href":"https:\/\/noticiasveracruz.com\/index.php\/wp-json\/wp\/v2\/tags?post=45745"}],"curies":[{"name":"wp","href":"https:\/\/api.w.org\/{rel}","templated":true}]}}