{"id":45739,"date":"2024-12-11T01:13:38","date_gmt":"2024-12-11T07:13:38","guid":{"rendered":"https:\/\/noticiasveracruz.com\/?p=45739"},"modified":"2024-12-11T01:13:38","modified_gmt":"2024-12-11T07:13:38","slug":"acuerdan-liberar-a-funcionarios-de-imss-hidalgo-e-instalar-mesa-de-dialogo","status":"publish","type":"post","link":"https:\/\/noticiasveracruz.com\/index.php\/2024\/12\/11\/acuerdan-liberar-a-funcionarios-de-imss-hidalgo-e-instalar-mesa-de-dialogo\/","title":{"rendered":"Acuerdan liberar a funcionarios de IMSS Hidalgo e instalar mesa de di\u00e1logo"},"content":{"rendered":"<p><em>Huejutla, Hgo.<\/em><\/p>\n<p>El director del hospital general del Instituto Mexicano del Seguro Social (IMSS) de la cabecera municipal de Huejutla, Hidalgo, Armando Escudero Almanza; el subdirector Jos\u00e9 Luis Mancera P\u00e9rez y la titular de Servicios de Calidad, X\u00f3chitl Fern\u00e1ndez Vargas, quienes fueron retenidos la ma\u00f1ana del lunes por vecinos de la localidad de Chililico, fueron liberados casi 12 horas despu\u00e9s, alrededor de las once de la noche, luego de que firmaron una minuta en que acordaron la realizaci\u00f3n de una mesa de trabajo para resolver problemas como la falta de medicamentos, insumos y personal del nosocomio, as\u00ed como la reparaci\u00f3n de equipos electr\u00f3nicos descompuestos, al igual que atender quejas por mala atenci\u00f3n y negligencia m\u00e9dica.<\/p>\n<p>La mesa de trabajo se realiz\u00f3 la ma\u00f1ana del martes, en el campo de f\u00fatbol del campus de la Universidad Pedag\u00f3gica Nacional, en Huejutla, y en la que participaron adem\u00e1s de directivos del IMSS, representantes de la Secretar\u00eda de Salud de Hidalgo, la Subsecretar\u00eda de Gobierno en la Huasteca y de la presidencia municipal.<\/p>\n<p>Durante la reuni\u00f3n, los funcionarios tomaron nota de todas las demandas de los vecinos de los 22 barrios de Chililico y de otras localidades que aseguran haber sido afectados por diversas deficiencias en el servicio y carencias del hospital.<\/p>\n<p>Al final, se firm\u00f3 otra minuta en que los funcionarios acordaron revisar supuestos actos de negligencia m\u00e9dica; ordenar la reparaci\u00f3n de un mast\u00f3grafo, el cual deber\u00e1 estar listo antes del 15 de enero; gestionar medicamentos e insumos; supervisar el cumplimiento del proveedor de los laboratorios y de la sala de rayos X; investigar supuestas irregularidades en el manejo de material y equipo dado de baja; y gestionar la instalaci\u00f3n de un puesto de sangrado. Tambi\u00e9n la instalaci\u00f3n de un albergue para familiares de los pacientes; publicar convocatorias para la contrataci\u00f3n de especialistas; verificar la asistencia del personal; realizaci\u00f3n de auditor\u00edas al \u00e1rea de recursos humanos del personal, entre otras acciones.<\/p>\n<p>Mientras se realizaba la reuni\u00f3n, un grupo de pobladores de la localidad de Ahuacatitla, tambi\u00e9n del municipio de Huejutla bloquearon por un lapso de una hora la circulaci\u00f3n en ambos sentidos de la carretera federal M\u00e9xico-Tampico en demanda de que una vecina de esa comunidad que se encontraba internada en el hospital del IMSS por una grave enfermedad, fuera trasladada al nosocomio de Pachuca.<\/p>\n<p>La decisi\u00f3n de que fuera trasladada fue tomada por los familiares y vecinos de la paciente, al considerar que el hospital del IMSS de Huejutla tiene muchas deficiencias y carencias.<\/p>\n","protected":false},"excerpt":{"rendered":"<p>Huejutla, Hgo. El director del hospital general del Instituto Mexicano del Seguro Social (IMSS) de la cabecera municipal de Huejutla,<\/p>\n","protected":false},"author":4,"featured_media":45740,"comment_status":"closed","ping_status":"closed","sticky":false,"template":"","format":"standard","meta":{"colormag_page_container_layout":"default_layout","colormag_page_sidebar_layout":"default_layout","_jetpack_memberships_contains_paid_content":false,"footnotes":"","jetpack_publicize_message":"","jetpack_publicize_feature_enabled":true,"jetpack_social_post_already_shared":true,"jetpack_social_options":{"image_generator_settings":{"template":"highway","default_image_id":0,"font":"","enabled":false},"version":2}},"categories":[145],"tags":[],"class_list":["post-45739","post","type-post","status-publish","format-standard","has-post-thumbnail","hentry","category-estados"],"jetpack_publicize_connections":[],"jetpack_featured_media_url":"https:\/\/noticiasveracruz.com\/wp-content\/uploads\/2024\/12\/acuerd.jpg","jetpack_sharing_enabled":true,"publishpress_future_action":{"enabled":false,"date":"2026-05-10 02:30:55","action":"change-status","newStatus":"draft","terms":[],"taxonomy":"category","extraData":[]},"publishpress_future_workflow_manual_trigger":{"enabledWorkflows":[]},"_links":{"self":[{"href":"https:\/\/noticiasveracruz.com\/index.php\/wp-json\/wp\/v2\/posts\/45739","targetHints":{"allow":["GET"]}}],"collection":[{"href":"https:\/\/noticiasveracruz.com\/index.php\/wp-json\/wp\/v2\/posts"}],"about":[{"href":"https:\/\/noticiasveracruz.com\/index.php\/wp-json\/wp\/v2\/types\/post"}],"author":[{"embeddable":true,"href":"https:\/\/noticiasveracruz.com\/index.php\/wp-json\/wp\/v2\/users\/4"}],"replies":[{"embeddable":true,"href":"https:\/\/noticiasveracruz.com\/index.php\/wp-json\/wp\/v2\/comments?post=45739"}],"version-history":[{"count":0,"href":"https:\/\/noticiasveracruz.com\/index.php\/wp-json\/wp\/v2\/posts\/45739\/revisions"}],"wp:featuredmedia":[{"embeddable":true,"href":"https:\/\/noticiasveracruz.com\/index.php\/wp-json\/wp\/v2\/media\/45740"}],"wp:attachment":[{"href":"https:\/\/noticiasveracruz.com\/index.php\/wp-json\/wp\/v2\/media?parent=45739"}],"wp:term":[{"taxonomy":"category","embeddable":true,"href":"https:\/\/noticiasveracruz.com\/index.php\/wp-json\/wp\/v2\/categories?post=45739"},{"taxonomy":"post_tag","embeddable":true,"href":"https:\/\/noticiasveracruz.com\/index.php\/wp-json\/wp\/v2\/tags?post=45739"}],"curies":[{"name":"wp","href":"https:\/\/api.w.org\/{rel}","templated":true}]}}