{"id":4573,"date":"2022-05-23T01:30:06","date_gmt":"2022-05-23T06:30:06","guid":{"rendered":"https:\/\/noticiasveracruz.com\/?p=4573"},"modified":"2022-05-22T23:54:02","modified_gmt":"2022-05-23T04:54:02","slug":"colector-y-paso-superior-vehicular","status":"publish","type":"post","link":"https:\/\/noticiasveracruz.com\/index.php\/2022\/05\/23\/colector-y-paso-superior-vehicular\/","title":{"rendered":"Colector y paso superior vehicular\u00a0"},"content":{"rendered":"<p class=\"p1\">\n<p class=\"p1\"><span style=\"font-size: 18pt;\"><b>Por Pepe Valencia<\/b><\/span><\/p>\n<p class=\"p1\"><span style=\"font-size: 14pt;\">Si se concretan ambas obras, son excelentes noticias para los xalape\u00f1os. Una, el colector pluvial 21 de Marzo, ya se est\u00e1 construyendo. Proseguir\u00eda pendiente el paso superior vehicular sobre la avenida L\u00e1zaro C\u00e1rdenas.<\/span><\/p>\n<p class=\"p1\"><span style=\"font-size: 14pt;\">Este s\u00e1bado el gobernador Cuitl\u00e1huac Garc\u00eda y el alcalde Ricardo Ahued supervisaron los trabajos del colector, donde se invertir\u00e1n 22 millones de pesos. Es una demanda social de hace por lo menos 30 a\u00f1os.<\/span><\/p>\n<p class=\"p1\"><span style=\"font-size: 14pt;\">Quiz\u00e1 alg\u00fan d\u00eda veamos limpias las hoy contaminadas aguas del r\u00edo Sede\u00f1o, l\u00edmite de los municipios de Xalapa y Banderilla, el cual<span class=\"Apple-converted-space\">\u00a0 <\/span>recorre varias colonias de la capital; y<span class=\"Apple-converted-space\">\u00a0 <\/span>disfrutaremos la bella cascada del puente.<\/span><\/p>\n<p class=\"p1\"><span style=\"font-size: 14pt;\">Ahued, dos veces presidente municipal, demostrar\u00eda que las segundas partes s\u00ed pueden superar a las primeras. No es tarea<span class=\"Apple-converted-space\">\u00a0 <\/span>f\u00e1cil en estos tiempos de austeridad. Sin embargo, esto es posible con talento y creatividad.<\/span><\/p>\n<p class=\"p1\"><span style=\"font-size: 14pt;\">Hace unos d\u00edas lo visit\u00e9 en su oficina y constat\u00e9 c\u00f3mo el alcalde atiende a los ciudadanos, sin distinci\u00f3n,<span class=\"Apple-converted-space\">\u00a0 <\/span>sin simulaciones. Nada de encerrarse entre cuatro paredes. Dice la verdad y la gente se va contenta.<\/span><\/p>\n<p class=\"p1\"><span style=\"font-size: 14pt;\">A los mexicanos les tiene sin cuidado si el presidente Andr\u00e9s Manuel L\u00f3pez Obrador asiste o no a la Cumbre de las Am\u00e9ricas o si los neoliberales son culpables o no de todos los males de este pa\u00eds.<\/span><\/p>\n<p class=\"p1\"><span style=\"font-size: 14pt;\">Les importa la econom\u00eda y la seguridad en primer lugar. Conseguir<span class=\"Apple-converted-space\">\u00a0 <\/span>empleo e ingresos seguros. Que no los asalten o los maten. Que haya medicamentos y atenci\u00f3n para los enfermos.<\/span><\/p>\n<p class=\"p1\"><span style=\"font-size: 14pt;\">Por ello es plausible enterarnos del avance del colector, que incluye introducci\u00f3n de una red de agua potable y alcantarillado, y la anunciada construcci\u00f3n del paso superior vehicular en Las Trancas. <\/span><\/p>\n<p class=\"p1\"><span style=\"font-size: 14pt;\">El multicitado tren ligero de Rafael Lucio a Xalapa, puede esperar o no llevarse a cabo nunca.<\/span><\/p>\n<p class=\"p1\"><span style=\"font-size: 14pt;\">Ojal\u00e1 no sean las \u00fanicas obras para Xalapa. Se necesitan servicios p\u00fablicos de calidad en colonias populares y, sobre todo, seguridad, para que no extorsionen a peque\u00f1os comerciantes cobr\u00e1ndoles \u201cderecho de piso\u201d.<\/span><\/p>\n<p class=\"p1\"><span style=\"font-size: 14pt;\">Si de por s\u00ed la econom\u00eda popular se encuentra deprimida, imag\u00ednese que instale usted un peque\u00f1o negocio y de pronto le<span class=\"Apple-converted-space\">\u00a0 <\/span>caiga alguien para advertirle: <\/span><\/p>\n<p class=\"p1\"><span style=\"font-size: 14pt;\">&#8211;\u201cTienes que pagar una cuota mensual si quieres que te dejemos trabajar. Si te niegas, atente a las consecuencias\u201d.<\/span><\/p>\n<p class=\"p1\"><span style=\"font-size: 14pt;\">La gente anhela paz, servicios p\u00fablicos y empleos.<\/span><\/p>\n<p class=\"p1\"><span style=\"font-size: 14pt;\">Confiemos en que este a\u00f1o se inaugure el colector pluvial 21 de Marzo y se inicie el paso superior vehicular, aunque Xalapa requiere y merece m\u00e1s. <\/span><\/p>\n<p>&nbsp;<\/p>\n<p>&nbsp;<\/p>\n<p>&nbsp;<\/p>\n<p>&nbsp;<\/p>\n","protected":false},"excerpt":{"rendered":"<p>Por Pepe Valencia Si se concretan ambas obras, son excelentes noticias para los xalape\u00f1os. Una, el colector pluvial 21 de<\/p>\n","protected":false},"author":4,"featured_media":3786,"comment_status":"closed","ping_status":"closed","sticky":false,"template":"","format":"standard","meta":{"colormag_page_container_layout":"default_layout","colormag_page_sidebar_layout":"default_layout","_jetpack_memberships_contains_paid_content":false,"footnotes":"","jetpack_publicize_message":"","jetpack_publicize_feature_enabled":true,"jetpack_social_post_already_shared":false,"jetpack_social_options":{"image_generator_settings":{"template":"highway","default_image_id":0,"font":"","enabled":false},"version":2}},"categories":[6],"tags":[],"class_list":["post-4573","post","type-post","status-publish","format-standard","has-post-thumbnail","hentry","category-columnistas"],"jetpack_publicize_connections":[],"jetpack_featured_media_url":"https:\/\/noticiasveracruz.com\/wp-content\/uploads\/2022\/05\/PEPE-VALENCIA.png","jetpack_sharing_enabled":true,"publishpress_future_action":{"enabled":false,"date":"2026-05-06 10:10:30","action":"change-status","newStatus":"draft","terms":[],"taxonomy":"category","extraData":[]},"publishpress_future_workflow_manual_trigger":{"enabledWorkflows":[]},"_links":{"self":[{"href":"https:\/\/noticiasveracruz.com\/index.php\/wp-json\/wp\/v2\/posts\/4573","targetHints":{"allow":["GET"]}}],"collection":[{"href":"https:\/\/noticiasveracruz.com\/index.php\/wp-json\/wp\/v2\/posts"}],"about":[{"href":"https:\/\/noticiasveracruz.com\/index.php\/wp-json\/wp\/v2\/types\/post"}],"author":[{"embeddable":true,"href":"https:\/\/noticiasveracruz.com\/index.php\/wp-json\/wp\/v2\/users\/4"}],"replies":[{"embeddable":true,"href":"https:\/\/noticiasveracruz.com\/index.php\/wp-json\/wp\/v2\/comments?post=4573"}],"version-history":[{"count":0,"href":"https:\/\/noticiasveracruz.com\/index.php\/wp-json\/wp\/v2\/posts\/4573\/revisions"}],"wp:featuredmedia":[{"embeddable":true,"href":"https:\/\/noticiasveracruz.com\/index.php\/wp-json\/wp\/v2\/media\/3786"}],"wp:attachment":[{"href":"https:\/\/noticiasveracruz.com\/index.php\/wp-json\/wp\/v2\/media?parent=4573"}],"wp:term":[{"taxonomy":"category","embeddable":true,"href":"https:\/\/noticiasveracruz.com\/index.php\/wp-json\/wp\/v2\/categories?post=4573"},{"taxonomy":"post_tag","embeddable":true,"href":"https:\/\/noticiasveracruz.com\/index.php\/wp-json\/wp\/v2\/tags?post=4573"}],"curies":[{"name":"wp","href":"https:\/\/api.w.org\/{rel}","templated":true}]}}