{"id":45721,"date":"2024-12-11T00:53:31","date_gmt":"2024-12-11T06:53:31","guid":{"rendered":"https:\/\/noticiasveracruz.com\/?p=45721"},"modified":"2024-12-11T00:53:31","modified_gmt":"2024-12-11T06:53:31","slug":"mexico-propone-a-gloria-guevara-manzo-para-dirigir-agencia-de-turismo-de-onu","status":"publish","type":"post","link":"https:\/\/noticiasveracruz.com\/index.php\/2024\/12\/11\/mexico-propone-a-gloria-guevara-manzo-para-dirigir-agencia-de-turismo-de-onu\/","title":{"rendered":"M\u00e9xico propone a Gloria Guevara Manzo para dirigir agencia de Turismo de ONU"},"content":{"rendered":"<p>El gobierno de M\u00e9xico propuso a Gloria Guevara Manzo como candidata para ocupar la Secretar\u00eda General de ONU Turismo, para el periodo 2026-2029.<\/p>\n<p>Guevara Manzo, exsecretaria de Turismo de M\u00e9xico, agradeci\u00f3 al gobierno actual su candidatura para la Secretar\u00eda General de ONU Turismo y afirm\u00f3 que, en caso de llegar a la titularidad del organismo dependiente de la Organizaci\u00f3n de las Naciones Unidas impulsar\u00e1 el fortalecimiento del turismo global y la promoci\u00f3n de M\u00e9xico como destino l\u00edder a nivel mundial.<\/p>\n<p>ONU Turismo es el organismo encargado de la promoci\u00f3n de un turismo responsable, sostenible y accesible para todos. Trabaja con una visi\u00f3n integral para el desarrollo del sector, con el objetivo de posicionar al turismo como una prioridad en la agenda de los gobiernos. ONU Turismo nunca ha sido liderado por una mujer, a pesar de que en el sector turismo 50 por ciento de los puestos de trabajo son ocupados por mujeres.<\/p>\n<p>Guevara Manzo coment\u00f3 que el compromiso y liderazgo de M\u00e9xico en turismo es conocido a nivel mundial, por lo que consider\u00f3 que esta candidatura favorecer\u00e1 a nuestro pa\u00eds, a la organizaci\u00f3n y a los estados miembros.<\/p>\n<p>Entre los objetivos de su plan de trabajo est\u00e1 garantizar que el turismo tenga un lugar relevante durante la toma de decisiones globales; avanzar en la agenda de sostenibilidad; desarrollar un entorno propicio para impulsar la innovaci\u00f3n, el emprendimiento y la inversi\u00f3n, adem\u00e1s de facilitar los viajes y la conectividad, entre otras propuestas.<\/p>\n<p>Guevara Manzo tiene m\u00e1s de 35 a\u00f1os de experiencia en el sector de viajes y turismo, tanto en el \u00e1mbito p\u00fablico como privado.<\/p>\n<p>Adem\u00e1s de desempe\u00f1arse como secretaria de Turismo del gobierno mexicano de 2010 a 2012, se convirti\u00f3 en la primera mujer y la primera latina que dirigi\u00f3 el Consejo Mundial de Viajes y Turismo (WTTC), que representa al sector privado global de viajes y turismo, industria que genera el diez por ciento del producto interno bruto (PIB) mundial y representa 330 millones de empleos o uno de cada diez en todo el mundo.<\/p>\n<p>Bajo su gesti\u00f3n, el WTTC lider\u00f3 la agenda de la industria y el sector privado global durante la la pandemia de Covid19, la crisis m\u00e1s dif\u00edcil de la historia en el sector. Entre 2021 y 2024 se desempe\u00f1\u00f3 como Asesora Especial Principal del Ministerio de Turismo de Arabia Saudita, entre otros cargos.<\/p>\n","protected":false},"excerpt":{"rendered":"<p>El gobierno de M\u00e9xico propuso a Gloria Guevara Manzo como candidata para ocupar la Secretar\u00eda General de ONU Turismo, para<\/p>\n","protected":false},"author":4,"featured_media":45722,"comment_status":"closed","ping_status":"closed","sticky":false,"template":"","format":"standard","meta":{"colormag_page_container_layout":"default_layout","colormag_page_sidebar_layout":"default_layout","_jetpack_memberships_contains_paid_content":false,"footnotes":"","jetpack_publicize_message":"","jetpack_publicize_feature_enabled":true,"jetpack_social_post_already_shared":true,"jetpack_social_options":{"image_generator_settings":{"template":"highway","default_image_id":0,"font":"","enabled":false},"version":2}},"categories":[1947],"tags":[],"class_list":["post-45721","post","type-post","status-publish","format-standard","has-post-thumbnail","hentry","category-economia"],"jetpack_publicize_connections":[],"jetpack_featured_media_url":"https:\/\/noticiasveracruz.com\/wp-content\/uploads\/2024\/12\/GLORIA-GUEVARA.jpg","jetpack_sharing_enabled":true,"publishpress_future_action":{"enabled":false,"date":"2026-05-10 11:18:13","action":"change-status","newStatus":"draft","terms":[],"taxonomy":"category","extraData":[]},"publishpress_future_workflow_manual_trigger":{"enabledWorkflows":[]},"_links":{"self":[{"href":"https:\/\/noticiasveracruz.com\/index.php\/wp-json\/wp\/v2\/posts\/45721","targetHints":{"allow":["GET"]}}],"collection":[{"href":"https:\/\/noticiasveracruz.com\/index.php\/wp-json\/wp\/v2\/posts"}],"about":[{"href":"https:\/\/noticiasveracruz.com\/index.php\/wp-json\/wp\/v2\/types\/post"}],"author":[{"embeddable":true,"href":"https:\/\/noticiasveracruz.com\/index.php\/wp-json\/wp\/v2\/users\/4"}],"replies":[{"embeddable":true,"href":"https:\/\/noticiasveracruz.com\/index.php\/wp-json\/wp\/v2\/comments?post=45721"}],"version-history":[{"count":0,"href":"https:\/\/noticiasveracruz.com\/index.php\/wp-json\/wp\/v2\/posts\/45721\/revisions"}],"wp:featuredmedia":[{"embeddable":true,"href":"https:\/\/noticiasveracruz.com\/index.php\/wp-json\/wp\/v2\/media\/45722"}],"wp:attachment":[{"href":"https:\/\/noticiasveracruz.com\/index.php\/wp-json\/wp\/v2\/media?parent=45721"}],"wp:term":[{"taxonomy":"category","embeddable":true,"href":"https:\/\/noticiasveracruz.com\/index.php\/wp-json\/wp\/v2\/categories?post=45721"},{"taxonomy":"post_tag","embeddable":true,"href":"https:\/\/noticiasveracruz.com\/index.php\/wp-json\/wp\/v2\/tags?post=45721"}],"curies":[{"name":"wp","href":"https:\/\/api.w.org\/{rel}","templated":true}]}}