{"id":45684,"date":"2024-12-10T15:57:21","date_gmt":"2024-12-10T21:57:21","guid":{"rendered":"https:\/\/noticiasveracruz.com\/?p=45684"},"modified":"2024-12-10T15:57:21","modified_gmt":"2024-12-10T21:57:21","slug":"trump-comenzara-la-mayor-deportacion-en-la-historia-de-eu","status":"publish","type":"post","link":"https:\/\/noticiasveracruz.com\/index.php\/2024\/12\/10\/trump-comenzara-la-mayor-deportacion-en-la-historia-de-eu\/","title":{"rendered":"Trump \u00abcomenzar\u00e1 la mayor deportaci\u00f3n en la historia de EU\u00bb"},"content":{"rendered":"<div class=\"col col1\">\n<p class=\"s-s\">El n\u00famero de inmigrantes sin papeles que llegan a la frontera estadunidense se desplomar\u00e1 en los primeros d\u00edas tras el comienzo de la segunda presidencia de Donald Trump, el 20 de enero, pero a mediano y largo plazos esfuerzos previos para cerrar la frontera y deportar a millones de migrantes que arriban desde M\u00e9xico no logr\u00f3 reducir ese flujo a este pa\u00eds.<\/p>\n<p>La ret\u00f3rica antimigrante del presidente electo ya est\u00e1 generando temor entre las poblaciones indocumentadas en ciudades y pueblos del pa\u00eds. Familias tienen miedo de que sus hijos est\u00e9n fuera de los hogares y preparan planes de contingencia para ellos en el eventual caso de que sus padres sean detenidos; algunos ya est\u00e1n contemplando regresar a M\u00e9xico u otros pa\u00edses ante este clima hostil y amenazante. Analistas tambi\u00e9n pronostican que los esfuerzos del pr\u00f3ximo gobierno de Trump impondr\u00e1 a\u00fan m\u00e1s costos para M\u00e9xico por la creciente poblaci\u00f3n de extranjeros obligados a esperar ah\u00ed mientras intentan ingresar a Estados Unidos.<\/p>\n<p>Las amenazas de una frontera cerrada y la ret\u00f3rica oficial antimigrante podr\u00eda disuadir a muchos de intentar cruzar la frontera, pero s\u00f3lo por un tiempo. El 20 de enero de 2017, cuando Trump tom\u00f3 posesi\u00f3n en su primer periodo presidencial, el flujo de inmigrantes a trav\u00e9s de la frontera con M\u00e9xico casi desapareci\u00f3 y en los siguientes meses (febrero, marzo y abril) se registraron los n\u00fameros m\u00e1s bajos de cruces de la frontera en d\u00e9cadas. Eso, se pronostica, se repetir\u00e1 el pr\u00f3ximo a\u00f1o, y es parte de la estrategia de los asesores de Trump de repetir sus declaraciones de que no se permitir\u00e1 la entrada a indocumentados.<\/p>\n<p><q>El presidente Trump, en su primer d\u00eda, firmar\u00e1 una serie de \u00f3rdenes ejecutivas que sellar\u00e1n la frontera e iniciar\u00e1 el esfuerzo de deportaci\u00f3n m\u00e1s grande en la historia de Estados Unidos<\/q>, declar\u00f3 Stephen Miller, el asesor antimigrante de Trump, quien ha sido nombrado subjefe de gabinete en la Casa Blanca del futuro gobierno. Estas \u00f3rdenes ejecutivas podr\u00edan incluir reiniciar el programa Permanece en M\u00e9xico para obligar a solicitantes de asilo de esperar en dicho pa\u00eds mientras se procesan sus peticiones, ampliar el programa de deportaci\u00f3n expedita, y poner fin a programas como el de protecci\u00f3n temporal de deportaci\u00f3n que ya ha permitido que casi un mill\u00f3n de migrantes de pa\u00edses en crisis o con condiciones violentas permanecer en Estados Unidos durante a\u00f1os.<\/p>\n<p>Miller, el arquitecto de las pol\u00edticas antimigrantes de Trump, declar\u00f3 en entrevista con Fox News que l\u00edderes republicanos del Congreso\u00a0<q>han prometido que podr\u00e1n aprobar en enero o principios de febrero un paquete de financiamiento para la frontera, la inversi\u00f3n de seguridad fronteriza m\u00e1s significativa en la historia estadunidense<\/q>. Estos fondos, agreg\u00f3, apoyar\u00e1n un incremento masivo para oficiales de la agencia de Aduanas e Inmigraci\u00f3n (ICE) que trabajan en deportaciones, un incremento hist\u00f3rico en agentes de la Patrulla Fronteriza y un incremento de salario para ellos, financiamiento pleno para\u00a0<q>operaciones militares<\/q>, as\u00ed como para sitios de detenci\u00f3n de migrantes y barreras en la frontera.<\/p>\n<p>A pregunta sobre algunas de estas medidas el domingo, Trump respondi\u00f3 que las primeras \u00f3rdenes de deportaci\u00f3n se enfocar\u00e1n en migrantes acusados de cometer delitos \u2013categor\u00eda que ICE ubica en 662 mil 566\u2013 algunos de los cuales han sido acusados, pero no condenados, y muchos de los cuales no est\u00e1n encarcelados.<\/p>\n<p>Trump, en entrevista con NBC News, dijo que tiene la intenci\u00f3n de deportar a todos los que est\u00e1n en este pa\u00eds de manera irregular .\u00a0<q>Es algo muy dif\u00edcil hacer, pero se tienen reglas, regulaciones y leyes. Llegaron ilegalmente<\/q>, afirm\u00f3. Pero como es frecuentemente el caso, Trump despu\u00e9s se contradijo al sugerir que se necesita encontrar una soluci\u00f3n para los\u00a0<em>dreamers<\/em>\u00a0\u2013aquellos que llegaron siendo menores de edad a este pa\u00eds con sus padres indocumentados\u2013, para permitir que permanezcan en Estados Unidos.<\/p>\n<\/div>\n<div class=\"col col2\">\n<p>Respecto de si buscar\u00eda restablecer la controvertida medida de su primera presidencia, en la cual separaba por la fuerza a las familias, Trump respondi\u00f3 que la mejor manera para evitarlo ser\u00eda deportar a toda la familia junta.\u00a0<q>Enviaremos (de regreso) a todos, muy humanamente, al pa\u00eds de donde vinieron, as\u00ed la familia no ser\u00e1 separada<\/q>, coment\u00f3 a NBC.<\/p>\n<p>Una segunda prioridad para la deportaci\u00f3n ser\u00e1n las 1.4 millones de personas en el sistema migratorio estadunidense que tienen \u00f3rdenes\u00a0<q>finales<\/q>\u00a0de deportaci\u00f3n, pero que contin\u00faan en el pa\u00eds. Otros 1.7 millones sujetos a la deportaci\u00f3n ser\u00e1n aquellos que est\u00e1n esperando audiencias sobre sus aplicaciones de asilo.<\/p>\n<p>Existen precedentes hist\u00f3ricos de las deportaciones masivas. Trump incluso ha citado la \u201c<em>Operaci\u00f3n wetback<\/em>\u00a0(espalda mojada)\u201d durante la presidencia de Dwight Eisenhower, en los a\u00f1os 50, como un modelo a seguir hoy d\u00eda. En 1954, el ex general del ej\u00e9rcito de Estados Unidos Joseph Swing se sum\u00f3 a la Patrulla Fronteriza y organiz\u00f3 un esfuerzo tipo militar de deportaci\u00f3n que incluy\u00f3 redadas de trabajadores en los campos, rodear parques urbanos y arrestar a cualquiera que pareciera\u00a0<q>mexicano<\/q>. Muchos fueron subidos a vagones de ganado en ferrocarriles y transportados a la frontera desde Los \u00c1ngeles y otras ciudades.<\/p>\n<\/div>\n","protected":false},"excerpt":{"rendered":"<p>El n\u00famero de inmigrantes sin papeles que llegan a la frontera estadunidense se desplomar\u00e1 en los primeros d\u00edas tras el<\/p>\n","protected":false},"author":4,"featured_media":45685,"comment_status":"closed","ping_status":"closed","sticky":false,"template":"","format":"standard","meta":{"colormag_page_container_layout":"default_layout","colormag_page_sidebar_layout":"default_layout","_jetpack_memberships_contains_paid_content":false,"footnotes":"","jetpack_publicize_message":"","jetpack_publicize_feature_enabled":true,"jetpack_social_post_already_shared":true,"jetpack_social_options":{"image_generator_settings":{"template":"highway","default_image_id":0,"font":"","enabled":false},"version":2}},"categories":[355],"tags":[],"class_list":["post-45684","post","type-post","status-publish","format-standard","has-post-thumbnail","hentry","category-internacional"],"jetpack_publicize_connections":[],"jetpack_featured_media_url":"https:\/\/noticiasveracruz.com\/wp-content\/uploads\/2024\/12\/70769627_605.jpg","jetpack_sharing_enabled":true,"publishpress_future_action":{"enabled":false,"date":"2026-05-08 12:11:08","action":"change-status","newStatus":"draft","terms":[],"taxonomy":"category","extraData":[]},"publishpress_future_workflow_manual_trigger":{"enabledWorkflows":[]},"_links":{"self":[{"href":"https:\/\/noticiasveracruz.com\/index.php\/wp-json\/wp\/v2\/posts\/45684","targetHints":{"allow":["GET"]}}],"collection":[{"href":"https:\/\/noticiasveracruz.com\/index.php\/wp-json\/wp\/v2\/posts"}],"about":[{"href":"https:\/\/noticiasveracruz.com\/index.php\/wp-json\/wp\/v2\/types\/post"}],"author":[{"embeddable":true,"href":"https:\/\/noticiasveracruz.com\/index.php\/wp-json\/wp\/v2\/users\/4"}],"replies":[{"embeddable":true,"href":"https:\/\/noticiasveracruz.com\/index.php\/wp-json\/wp\/v2\/comments?post=45684"}],"version-history":[{"count":0,"href":"https:\/\/noticiasveracruz.com\/index.php\/wp-json\/wp\/v2\/posts\/45684\/revisions"}],"wp:featuredmedia":[{"embeddable":true,"href":"https:\/\/noticiasveracruz.com\/index.php\/wp-json\/wp\/v2\/media\/45685"}],"wp:attachment":[{"href":"https:\/\/noticiasveracruz.com\/index.php\/wp-json\/wp\/v2\/media?parent=45684"}],"wp:term":[{"taxonomy":"category","embeddable":true,"href":"https:\/\/noticiasveracruz.com\/index.php\/wp-json\/wp\/v2\/categories?post=45684"},{"taxonomy":"post_tag","embeddable":true,"href":"https:\/\/noticiasveracruz.com\/index.php\/wp-json\/wp\/v2\/tags?post=45684"}],"curies":[{"name":"wp","href":"https:\/\/api.w.org\/{rel}","templated":true}]}}