{"id":45678,"date":"2024-12-10T15:47:55","date_gmt":"2024-12-10T21:47:55","guid":{"rendered":"https:\/\/noticiasveracruz.com\/?p=45678"},"modified":"2024-12-10T15:47:55","modified_gmt":"2024-12-10T21:47:55","slug":"se-recupera-lula-da-silva-tras-operacion","status":"publish","type":"post","link":"https:\/\/noticiasveracruz.com\/index.php\/2024\/12\/10\/se-recupera-lula-da-silva-tras-operacion\/","title":{"rendered":"Se recupera Lula da Silva tras operaci\u00f3n"},"content":{"rendered":"<p>El presidente de Brasil, Luiz In\u00e1cio Lula da Silva, de 79 a\u00f1os, se encuentra \u00abestable\u00bb y \u00absin secuelas\u00bb tras ser operado de emergencia la madrugada del martes en Sao Paulo por una \u00abhemorragia intracraneal\u00bb, inform\u00f3 su equipo m\u00e9dico.<\/p>\n<p>Lula \u00abest\u00e1 estable, conversando normalmente y aliment\u00e1ndose\u00bb y \u00abno tuvo secuela alguna\u00bb, dijo en conferencia de prensa el doctor Roberto Kalil, que estim\u00f3 que el mandatario permanecer\u00e1 en el hospital recuper\u00e1ndose hasta \u00abla semana pr\u00f3xima\u00bb.<\/p>\n","protected":false},"excerpt":{"rendered":"<p>El presidente de Brasil, Luiz In\u00e1cio Lula da Silva, de 79 a\u00f1os, se encuentra \u00abestable\u00bb y \u00absin secuelas\u00bb tras ser<\/p>\n","protected":false},"author":4,"featured_media":45679,"comment_status":"closed","ping_status":"closed","sticky":false,"template":"","format":"standard","meta":{"colormag_page_container_layout":"default_layout","colormag_page_sidebar_layout":"default_layout","_jetpack_memberships_contains_paid_content":false,"footnotes":"","jetpack_publicize_message":"","jetpack_publicize_feature_enabled":true,"jetpack_social_post_already_shared":true,"jetpack_social_options":{"image_generator_settings":{"template":"highway","default_image_id":0,"font":"","enabled":false},"version":2}},"categories":[355],"tags":[],"class_list":["post-45678","post","type-post","status-publish","format-standard","has-post-thumbnail","hentry","category-internacional"],"jetpack_publicize_connections":[],"jetpack_featured_media_url":"https:\/\/noticiasveracruz.com\/wp-content\/uploads\/2024\/12\/lula-da-silva-se-recupera-luego-de-cirugia-por-hemorragia.jpg","jetpack_sharing_enabled":true,"publishpress_future_action":{"enabled":false,"date":"2026-05-08 10:28:09","action":"change-status","newStatus":"draft","terms":[],"taxonomy":"category","extraData":[]},"publishpress_future_workflow_manual_trigger":{"enabledWorkflows":[]},"_links":{"self":[{"href":"https:\/\/noticiasveracruz.com\/index.php\/wp-json\/wp\/v2\/posts\/45678","targetHints":{"allow":["GET"]}}],"collection":[{"href":"https:\/\/noticiasveracruz.com\/index.php\/wp-json\/wp\/v2\/posts"}],"about":[{"href":"https:\/\/noticiasveracruz.com\/index.php\/wp-json\/wp\/v2\/types\/post"}],"author":[{"embeddable":true,"href":"https:\/\/noticiasveracruz.com\/index.php\/wp-json\/wp\/v2\/users\/4"}],"replies":[{"embeddable":true,"href":"https:\/\/noticiasveracruz.com\/index.php\/wp-json\/wp\/v2\/comments?post=45678"}],"version-history":[{"count":0,"href":"https:\/\/noticiasveracruz.com\/index.php\/wp-json\/wp\/v2\/posts\/45678\/revisions"}],"wp:featuredmedia":[{"embeddable":true,"href":"https:\/\/noticiasveracruz.com\/index.php\/wp-json\/wp\/v2\/media\/45679"}],"wp:attachment":[{"href":"https:\/\/noticiasveracruz.com\/index.php\/wp-json\/wp\/v2\/media?parent=45678"}],"wp:term":[{"taxonomy":"category","embeddable":true,"href":"https:\/\/noticiasveracruz.com\/index.php\/wp-json\/wp\/v2\/categories?post=45678"},{"taxonomy":"post_tag","embeddable":true,"href":"https:\/\/noticiasveracruz.com\/index.php\/wp-json\/wp\/v2\/tags?post=45678"}],"curies":[{"name":"wp","href":"https:\/\/api.w.org\/{rel}","templated":true}]}}