{"id":45658,"date":"2024-12-10T01:16:34","date_gmt":"2024-12-10T07:16:34","guid":{"rendered":"https:\/\/noticiasveracruz.com\/?p=45658"},"modified":"2024-12-10T01:16:34","modified_gmt":"2024-12-10T07:16:34","slug":"nahle-se-compromete-a-la-rehabilitacion-de-carreteras-en-veracruz","status":"publish","type":"post","link":"https:\/\/noticiasveracruz.com\/index.php\/2024\/12\/10\/nahle-se-compromete-a-la-rehabilitacion-de-carreteras-en-veracruz\/","title":{"rendered":"Nahle se compromete a la rehabilitaci\u00f3n de carreteras en Veracruz"},"content":{"rendered":"<p>Xalapa<\/p>\n<p>La gobernadora de Veracruz, Roc\u00edo Nahle Garc\u00eda, reafirm\u00f3 su compromiso con la rehabilitaci\u00f3n y mantenimiento de la infraestructura carretera del estado, destacando la importancia de contar con v\u00edas seguras para ciudadanos y visitantes.<\/p>\n<p>La mandataria inform\u00f3 que ha solicitado reportes semanales a la Secretar\u00eda de Infraestructura, Comunicaciones y Transportes (SICT) y a la Secretar\u00eda de Infraestructura y Obras P\u00fablicas (SIOP) sobre los avances del programa \u00abBachet\u00f3n\u00bb. Como parte de este esfuerzo, ya se realizaron trabajos de bacheo en la carretera Veracruz-Xalapa, especialmente en la zona de San Juli\u00e1n, y en el tramo de Lerdo de Tejada a Los Tuxtlas.<\/p>\n<p>Nahle Garc\u00eda subray\u00f3 que se dar\u00e1 seguimiento constante tanto a las v\u00edas estatales como a las de competencia federal, asegurando que la infraestructura carretera sea segura y funcional para todos los usuarios.<\/p>\n<p>Adem\u00e1s, invit\u00f3 a los ciudadanos y turistas a visitar Veracruz, resaltando que contar con carreteras en buen estado es clave para promover las tradiciones y el patrimonio de la entidad. \u201cNos toca hablar bien de Veracruz e invitar a la gente a conocer nuestras tradiciones\u201d, enfatiz\u00f3.<\/p>\n","protected":false},"excerpt":{"rendered":"<p>Xalapa La gobernadora de Veracruz, Roc\u00edo Nahle Garc\u00eda, reafirm\u00f3 su compromiso con la rehabilitaci\u00f3n y mantenimiento de la infraestructura carretera<\/p>\n","protected":false},"author":4,"featured_media":45659,"comment_status":"closed","ping_status":"closed","sticky":false,"template":"","format":"standard","meta":{"colormag_page_container_layout":"default_layout","colormag_page_sidebar_layout":"default_layout","_jetpack_memberships_contains_paid_content":false,"footnotes":"","jetpack_publicize_message":"","jetpack_publicize_feature_enabled":true,"jetpack_social_post_already_shared":true,"jetpack_social_options":{"image_generator_settings":{"template":"highway","default_image_id":0,"font":"","enabled":false},"version":2}},"categories":[356],"tags":[],"class_list":["post-45658","post","type-post","status-publish","format-standard","has-post-thumbnail","hentry","category-veracruz"],"jetpack_publicize_connections":[],"jetpack_featured_media_url":"https:\/\/noticiasveracruz.com\/wp-content\/uploads\/2024\/12\/ca.jpg","jetpack_sharing_enabled":true,"publishpress_future_action":{"enabled":false,"date":"2026-05-10 02:29:16","action":"change-status","newStatus":"draft","terms":[],"taxonomy":"category","extraData":[]},"publishpress_future_workflow_manual_trigger":{"enabledWorkflows":[]},"_links":{"self":[{"href":"https:\/\/noticiasveracruz.com\/index.php\/wp-json\/wp\/v2\/posts\/45658","targetHints":{"allow":["GET"]}}],"collection":[{"href":"https:\/\/noticiasveracruz.com\/index.php\/wp-json\/wp\/v2\/posts"}],"about":[{"href":"https:\/\/noticiasveracruz.com\/index.php\/wp-json\/wp\/v2\/types\/post"}],"author":[{"embeddable":true,"href":"https:\/\/noticiasveracruz.com\/index.php\/wp-json\/wp\/v2\/users\/4"}],"replies":[{"embeddable":true,"href":"https:\/\/noticiasveracruz.com\/index.php\/wp-json\/wp\/v2\/comments?post=45658"}],"version-history":[{"count":0,"href":"https:\/\/noticiasveracruz.com\/index.php\/wp-json\/wp\/v2\/posts\/45658\/revisions"}],"wp:featuredmedia":[{"embeddable":true,"href":"https:\/\/noticiasveracruz.com\/index.php\/wp-json\/wp\/v2\/media\/45659"}],"wp:attachment":[{"href":"https:\/\/noticiasveracruz.com\/index.php\/wp-json\/wp\/v2\/media?parent=45658"}],"wp:term":[{"taxonomy":"category","embeddable":true,"href":"https:\/\/noticiasveracruz.com\/index.php\/wp-json\/wp\/v2\/categories?post=45658"},{"taxonomy":"post_tag","embeddable":true,"href":"https:\/\/noticiasveracruz.com\/index.php\/wp-json\/wp\/v2\/tags?post=45658"}],"curies":[{"name":"wp","href":"https:\/\/api.w.org\/{rel}","templated":true}]}}