{"id":45652,"date":"2024-12-10T01:13:01","date_gmt":"2024-12-10T07:13:01","guid":{"rendered":"https:\/\/noticiasveracruz.com\/?p=45652"},"modified":"2024-12-10T01:13:01","modified_gmt":"2024-12-10T07:13:01","slug":"se-reunen-colectivos-de-busqueda-de-desaparecidos-con-autoridades-estatales","status":"publish","type":"post","link":"https:\/\/noticiasveracruz.com\/index.php\/2024\/12\/10\/se-reunen-colectivos-de-busqueda-de-desaparecidos-con-autoridades-estatales\/","title":{"rendered":"Se re\u00fanen colectivos de b\u00fasqueda de desaparecidos con autoridades estatales"},"content":{"rendered":"<p>Xalapa<\/p>\n<p>La gobernadora de Veracruz, Roc\u00edo Nahle Garc\u00eda, sostuvo su primera reuni\u00f3n con familiares de v\u00edctimas de desaparici\u00f3n forzada, reafirmando el compromiso del Estado con los colectivos de b\u00fasqueda y la atenci\u00f3n a este grave problema.<\/p>\n<p>Durante el encuentro, se establecieron acuerdos concretos, entre los que destaca la pr\u00f3xima emisi\u00f3n de la convocatoria para designar a la persona titular de la Comisi\u00f3n Estatal de B\u00fasqueda de Veracruz, una prioridad para fortalecer las estrategias de localizaci\u00f3n. Actualmente, esta instituci\u00f3n opera bajo una encargada de despacho para garantizar su funcionamiento en esta etapa de transici\u00f3n.<\/p>\n<p>La Gobernadora subray\u00f3 que el gobierno estatal enfocar\u00e1 sus esfuerzos en garantizar derechos humanos, seguridad y justicia para las familias afectadas. Adem\u00e1s, reafirm\u00f3 la importancia de mantener un di\u00e1logo abierto y permanente con los colectivos.<\/p>\n<p>La reuni\u00f3n cont\u00f3 con la participaci\u00f3n del secretario de Gobierno, Ricardo Ahued Bardahuil; la presidenta de la Comisi\u00f3n Estatal de Derechos Humanos, Namiko Matzumoto Ben\u00edtez; el titular de la Comisi\u00f3n Ejecutiva de Atenci\u00f3n Integral a V\u00edctimas, Christian Carrillo R\u00edos, y el director general de Pol\u00edtica Regional de la SEGOB, Adolfo Toss Capistr\u00e1n.<\/p>\n<p>Con este di\u00e1logo, el Gobierno de Veracruz avanza en la construcci\u00f3n de estrategias integrales para atender a las familias y colectivos en su b\u00fasqueda de verdad y justicia.<\/p>\n","protected":false},"excerpt":{"rendered":"<p>Xalapa La gobernadora de Veracruz, Roc\u00edo Nahle Garc\u00eda, sostuvo su primera reuni\u00f3n con familiares de v\u00edctimas de desaparici\u00f3n forzada, reafirmando<\/p>\n","protected":false},"author":4,"featured_media":45653,"comment_status":"closed","ping_status":"closed","sticky":false,"template":"","format":"standard","meta":{"colormag_page_container_layout":"default_layout","colormag_page_sidebar_layout":"default_layout","_jetpack_memberships_contains_paid_content":false,"footnotes":"","jetpack_publicize_message":"","jetpack_publicize_feature_enabled":true,"jetpack_social_post_already_shared":true,"jetpack_social_options":{"image_generator_settings":{"template":"highway","default_image_id":0,"font":"","enabled":false},"version":2}},"categories":[356],"tags":[],"class_list":["post-45652","post","type-post","status-publish","format-standard","has-post-thumbnail","hentry","category-veracruz"],"jetpack_publicize_connections":[],"jetpack_featured_media_url":"https:\/\/noticiasveracruz.com\/wp-content\/uploads\/2024\/12\/IMG-20241209-WA0011-696x392-1.jpg","jetpack_sharing_enabled":true,"publishpress_future_action":{"enabled":false,"date":"2026-05-09 07:12:55","action":"change-status","newStatus":"draft","terms":[],"taxonomy":"category","extraData":[]},"publishpress_future_workflow_manual_trigger":{"enabledWorkflows":[]},"_links":{"self":[{"href":"https:\/\/noticiasveracruz.com\/index.php\/wp-json\/wp\/v2\/posts\/45652","targetHints":{"allow":["GET"]}}],"collection":[{"href":"https:\/\/noticiasveracruz.com\/index.php\/wp-json\/wp\/v2\/posts"}],"about":[{"href":"https:\/\/noticiasveracruz.com\/index.php\/wp-json\/wp\/v2\/types\/post"}],"author":[{"embeddable":true,"href":"https:\/\/noticiasveracruz.com\/index.php\/wp-json\/wp\/v2\/users\/4"}],"replies":[{"embeddable":true,"href":"https:\/\/noticiasveracruz.com\/index.php\/wp-json\/wp\/v2\/comments?post=45652"}],"version-history":[{"count":0,"href":"https:\/\/noticiasveracruz.com\/index.php\/wp-json\/wp\/v2\/posts\/45652\/revisions"}],"wp:featuredmedia":[{"embeddable":true,"href":"https:\/\/noticiasveracruz.com\/index.php\/wp-json\/wp\/v2\/media\/45653"}],"wp:attachment":[{"href":"https:\/\/noticiasveracruz.com\/index.php\/wp-json\/wp\/v2\/media?parent=45652"}],"wp:term":[{"taxonomy":"category","embeddable":true,"href":"https:\/\/noticiasveracruz.com\/index.php\/wp-json\/wp\/v2\/categories?post=45652"},{"taxonomy":"post_tag","embeddable":true,"href":"https:\/\/noticiasveracruz.com\/index.php\/wp-json\/wp\/v2\/tags?post=45652"}],"curies":[{"name":"wp","href":"https:\/\/api.w.org\/{rel}","templated":true}]}}