{"id":45649,"date":"2024-12-10T01:10:43","date_gmt":"2024-12-10T07:10:43","guid":{"rendered":"https:\/\/noticiasveracruz.com\/?p=45649"},"modified":"2024-12-10T01:10:43","modified_gmt":"2024-12-10T07:10:43","slug":"proteccion-civil-emite-alerta-gris-por-frente-frio-14-y-evento-de-norte-violento","status":"publish","type":"post","link":"https:\/\/noticiasveracruz.com\/index.php\/2024\/12\/10\/proteccion-civil-emite-alerta-gris-por-frente-frio-14-y-evento-de-norte-violento\/","title":{"rendered":"Protecci\u00f3n Civil emite Alerta Gris por Frente Fr\u00edo 14 y evento de norte violento"},"content":{"rendered":"<p>Xalapa<\/p>\n<p>La Secretar\u00eda de Protecci\u00f3n Civil de Veracruz activ\u00f3 la Alerta Gris del Sistema de Alerta Temprana debido al avance del Frente Fr\u00edo 14 y un evento de norte violento que impactar\u00e1 el estado.<\/p>\n<p>Se espera que el frente ingrese al noroeste del Golfo de M\u00e9xico la ma\u00f1ana del martes 10, avanzando r\u00e1pidamente por el litoral, acompa\u00f1ado por una masa de aire fr\u00edo de origen \u00e1rtico. Esto provocar\u00e1 lluvias intensas, tormentas, descenso marcado de temperatura, y vientos con rachas de 105 a 120 km\/h en la costa central, 85 a 100 km\/h en las costas norte y sur, y de 65 a 80 km\/h en las zonas monta\u00f1osas de Xalapa, Naolinco, Misantla y el valle de Perote.<\/p>\n<p>Adem\u00e1s, se pronostica oleaje elevado de hasta 6 metros y un aumento en el potencial de lluvias entre el martes 10 y el jueves 12.<\/p>\n<p>La Secretar\u00eda exhort\u00f3 a la poblaci\u00f3n a extremar precauciones ante riesgos como destechamientos, ca\u00edda de \u00e1rboles y espectaculares, deslizamientos de tierra, crecidas de r\u00edos y arroyos, inundaciones en llanuras y oleaje peligroso.<\/p>\n<p>Las autoridades pidieron mantenerse informados a trav\u00e9s de los canales oficiales para evitar incidentes.<\/p>\n","protected":false},"excerpt":{"rendered":"<p>Xalapa La Secretar\u00eda de Protecci\u00f3n Civil de Veracruz activ\u00f3 la Alerta Gris del Sistema de Alerta Temprana debido al avance<\/p>\n","protected":false},"author":4,"featured_media":45650,"comment_status":"closed","ping_status":"closed","sticky":false,"template":"","format":"standard","meta":{"colormag_page_container_layout":"default_layout","colormag_page_sidebar_layout":"default_layout","_jetpack_memberships_contains_paid_content":false,"footnotes":"","jetpack_publicize_message":"","jetpack_publicize_feature_enabled":true,"jetpack_social_post_already_shared":true,"jetpack_social_options":{"image_generator_settings":{"template":"highway","default_image_id":0,"font":"","enabled":false},"version":2}},"categories":[356],"tags":[],"class_list":["post-45649","post","type-post","status-publish","format-standard","has-post-thumbnail","hentry","category-veracruz"],"jetpack_publicize_connections":[],"jetpack_featured_media_url":"https:\/\/noticiasveracruz.com\/wp-content\/uploads\/2024\/12\/frentefrio14veracruz.jpg","jetpack_sharing_enabled":true,"publishpress_future_action":{"enabled":false,"date":"2026-05-10 04:42:03","action":"change-status","newStatus":"draft","terms":[],"taxonomy":"category","extraData":[]},"publishpress_future_workflow_manual_trigger":{"enabledWorkflows":[]},"_links":{"self":[{"href":"https:\/\/noticiasveracruz.com\/index.php\/wp-json\/wp\/v2\/posts\/45649","targetHints":{"allow":["GET"]}}],"collection":[{"href":"https:\/\/noticiasveracruz.com\/index.php\/wp-json\/wp\/v2\/posts"}],"about":[{"href":"https:\/\/noticiasveracruz.com\/index.php\/wp-json\/wp\/v2\/types\/post"}],"author":[{"embeddable":true,"href":"https:\/\/noticiasveracruz.com\/index.php\/wp-json\/wp\/v2\/users\/4"}],"replies":[{"embeddable":true,"href":"https:\/\/noticiasveracruz.com\/index.php\/wp-json\/wp\/v2\/comments?post=45649"}],"version-history":[{"count":0,"href":"https:\/\/noticiasveracruz.com\/index.php\/wp-json\/wp\/v2\/posts\/45649\/revisions"}],"wp:featuredmedia":[{"embeddable":true,"href":"https:\/\/noticiasveracruz.com\/index.php\/wp-json\/wp\/v2\/media\/45650"}],"wp:attachment":[{"href":"https:\/\/noticiasveracruz.com\/index.php\/wp-json\/wp\/v2\/media?parent=45649"}],"wp:term":[{"taxonomy":"category","embeddable":true,"href":"https:\/\/noticiasveracruz.com\/index.php\/wp-json\/wp\/v2\/categories?post=45649"},{"taxonomy":"post_tag","embeddable":true,"href":"https:\/\/noticiasveracruz.com\/index.php\/wp-json\/wp\/v2\/tags?post=45649"}],"curies":[{"name":"wp","href":"https:\/\/api.w.org\/{rel}","templated":true}]}}