{"id":45646,"date":"2024-12-10T00:59:59","date_gmt":"2024-12-10T06:59:59","guid":{"rendered":"https:\/\/noticiasveracruz.com\/?p=45646"},"modified":"2024-12-10T00:59:59","modified_gmt":"2024-12-10T06:59:59","slug":"aranceles-a-productos-canadienses-afectaran-a-estadunidenses-trudeau","status":"publish","type":"post","link":"https:\/\/noticiasveracruz.com\/index.php\/2024\/12\/10\/aranceles-a-productos-canadienses-afectaran-a-estadunidenses-trudeau\/","title":{"rendered":"Aranceles a productos canadienses afectar\u00e1n a estadunidenses: Trudeau"},"content":{"rendered":"<p class=\"western\">El primer ministro canadiense, Justin Trudeau, dijo el lunes que los estadunidenses \u201cest\u00e1n comenzando a darse cuenta de que los aranceles sobre los productos canadienses har\u00edan la vida mucho m\u00e1s cara\u201d.<\/p>\n<p class=\"western\">En un evento organizado por la C\u00e1mara de Comercio de Halifax, Trudeau tambi\u00e9n reconoci\u00f3 que tratar con Donald Trump en temas comerciales ser\u00e1 \u201cun poco m\u00e1s desafiante\u201d que la \u00faltima vez.<\/p>\n<p class=\"western\">Eso se debe, dijo, a que el equipo de Trump llega con un conjunto de ideas mucho m\u00e1s claras sobre lo que quieren hacer que despu\u00e9s de su primera victoria electoral en 2016.<\/p>\n<p class=\"western\">El presidente electo estadunidense ha amenazado con imponer un arancel de 25 por ciento sobre todos los productos que ingresen a Estados Unidos desde Canad\u00e1 y M\u00e9xico, a menos que detengan el flujo de migrantes y drogas.<\/p>\n<p class=\"western\">\u201cTrump fue elegido con el compromiso de hacer la vida mejor y m\u00e1s asequible para los estadunidenses, y creo que la gente al sur de la frontera est\u00e1 comenzando a darse cuenta de la realidad de que los aranceles sobre todo lo proveniente de Canad\u00e1 har\u00edan la vida mucho m\u00e1s cara\u201d, abund\u00f3 Trudeau.<\/p>\n<p class=\"western\">Durante el fin de semana, Trump dijo en entrevista a NBC que no puede garantizar que los aranceles que propuso sobre los principales socios comerciales de Estados Unidos no aumentar\u00e1n los precios para los consumidores estadunidenses.<\/p>\n<p class=\"western\">Los economistas advierten que las empresas tendr\u00edan pocas opciones aparte de trasladar los costos adicionales a los consumidores, lo que aumentar\u00eda dr\u00e1sticamente los precios de alimentos, ropa, autom\u00f3viles, alcohol y otros bienes.<\/p>\n<p class=\"western\">Canad\u00e1 ya est\u00e1 examinando posibles aranceles de represalia sobre ciertos art\u00edculos de Estados Unidos en caso de que Trump cumpla sus amenazas.<\/p>\n<p class=\"western\">Trudeau dijo que su gobierno todav\u00eda est\u00e1 considerando \u201clas formas correctas\u201d de responder, haciendo referencia a cuando Canad\u00e1 impuso miles de millones en aranceles en 2018 contra Estados Unidos en respuesta a aranceles estadunidenses sobre el acero y el aluminio canadienses.<\/p>\n<p class=\"western\">\u201cUna de las cosas m\u00e1s importantes para nosotros es no entrar en p\u00e1nico, no asustarnos\u201d, a\u00f1adi\u00f3 Trudeau.<\/p>\n<p class=\"western\">\u201cSaber que estos ser\u00edan absolutamente devastadores significa que tenemos que tomarlos en serio, pero tambi\u00e9n significa que tenemos que ser reflexivos y estrat\u00e9gicos\u201d.<\/p>\n","protected":false},"excerpt":{"rendered":"<p>El primer ministro canadiense, Justin Trudeau, dijo el lunes que los estadunidenses \u201cest\u00e1n comenzando a darse cuenta de que los<\/p>\n","protected":false},"author":4,"featured_media":45647,"comment_status":"closed","ping_status":"closed","sticky":false,"template":"","format":"standard","meta":{"colormag_page_container_layout":"default_layout","colormag_page_sidebar_layout":"default_layout","_jetpack_memberships_contains_paid_content":false,"footnotes":"","jetpack_publicize_message":"","jetpack_publicize_feature_enabled":true,"jetpack_social_post_already_shared":true,"jetpack_social_options":{"image_generator_settings":{"template":"highway","default_image_id":0,"font":"","enabled":false},"version":2}},"categories":[1947],"tags":[],"class_list":["post-45646","post","type-post","status-publish","format-standard","has-post-thumbnail","hentry","category-economia"],"jetpack_publicize_connections":[],"jetpack_featured_media_url":"https:\/\/noticiasveracruz.com\/wp-content\/uploads\/2024\/12\/descarga.jpg","jetpack_sharing_enabled":true,"publishpress_future_action":{"enabled":false,"date":"2026-05-10 06:37:11","action":"change-status","newStatus":"draft","terms":[],"taxonomy":"category","extraData":[]},"publishpress_future_workflow_manual_trigger":{"enabledWorkflows":[]},"_links":{"self":[{"href":"https:\/\/noticiasveracruz.com\/index.php\/wp-json\/wp\/v2\/posts\/45646","targetHints":{"allow":["GET"]}}],"collection":[{"href":"https:\/\/noticiasveracruz.com\/index.php\/wp-json\/wp\/v2\/posts"}],"about":[{"href":"https:\/\/noticiasveracruz.com\/index.php\/wp-json\/wp\/v2\/types\/post"}],"author":[{"embeddable":true,"href":"https:\/\/noticiasveracruz.com\/index.php\/wp-json\/wp\/v2\/users\/4"}],"replies":[{"embeddable":true,"href":"https:\/\/noticiasveracruz.com\/index.php\/wp-json\/wp\/v2\/comments?post=45646"}],"version-history":[{"count":0,"href":"https:\/\/noticiasveracruz.com\/index.php\/wp-json\/wp\/v2\/posts\/45646\/revisions"}],"wp:featuredmedia":[{"embeddable":true,"href":"https:\/\/noticiasveracruz.com\/index.php\/wp-json\/wp\/v2\/media\/45647"}],"wp:attachment":[{"href":"https:\/\/noticiasveracruz.com\/index.php\/wp-json\/wp\/v2\/media?parent=45646"}],"wp:term":[{"taxonomy":"category","embeddable":true,"href":"https:\/\/noticiasveracruz.com\/index.php\/wp-json\/wp\/v2\/categories?post=45646"},{"taxonomy":"post_tag","embeddable":true,"href":"https:\/\/noticiasveracruz.com\/index.php\/wp-json\/wp\/v2\/tags?post=45646"}],"curies":[{"name":"wp","href":"https:\/\/api.w.org\/{rel}","templated":true}]}}