{"id":45637,"date":"2024-12-10T00:52:56","date_gmt":"2024-12-10T06:52:56","guid":{"rendered":"https:\/\/noticiasveracruz.com\/?p=45637"},"modified":"2024-12-10T00:52:56","modified_gmt":"2024-12-10T06:52:56","slug":"crece-productividad-laboral-en-tercer-trimestre-de-2024","status":"publish","type":"post","link":"https:\/\/noticiasveracruz.com\/index.php\/2024\/12\/10\/crece-productividad-laboral-en-tercer-trimestre-de-2024\/","title":{"rendered":"Crece productividad laboral en tercer trimestre de 2024"},"content":{"rendered":"<p>La productividad laboral de la econom\u00eda de M\u00e9xico, la cual mide la eficiencia de una persona, de un equipo o de una maquinaria, en la conversi\u00f3n de insumos en productos \u00fatiles, report\u00f3 su segundo crecimiento trimestral en el periodo julio-septiembre de 2024, impulsada por las actividades primarias (agr\u00edcola, ganader\u00eda, silvicultura, caza y pesca) y terciarias (servicios y comercio).<\/p>\n<p>De acuerdo con el Instituto Nacional de Estad\u00edstica y Geograf\u00eda (Inegi), quien dio a conocer los indicadores de productividad laboral y del costo unitario de la mano de obra al tercer trimestre de 2024, el indicador, que resulta entre el producto interno bruto (PIB) nacional a precios constantes y el factor trabajo de todas las unidades productivas del pa\u00eds, se ubic\u00f3 en 96.5 puntos, su mejor nivel desde enero-marzo de 2021, y registr\u00f3 un crecimiento de 0.8 por ciento trimestral, su segundo avance trimestral consecutivo.<\/p>\n<p>Y es que el buen dato del producto interno bruto (PIB) en el tercer trimestre de 2024 (1.1 por ciento trimestral), en conjunto con una evoluci\u00f3n modesta de la poblaci\u00f3n ocupada (un aumento de 201 mil empleos trimestrales), dieron como resultado un incremento en el \u00edndice global de productividad laboral de la econom\u00eda (IGPLE).<\/p>\n<p>En tanto, en su comparaci\u00f3n anual, la productividad creci\u00f3 1.8 por ciento; mientras que el sector primario subi\u00f3 3.7 por ciento; el secundario, 1.2 por ciento y el terciario, 2 por ciento.<\/p>\n<p>Por grupos de actividad econ\u00f3mica y a tasa trimestral, la productividad laboral en las actividades terciarias (comercio y servicios) aument\u00f3 1 por ciento en el tercer trimestre; en las secundarias (industria y manufactura), 0.6 por ciento y en las primarias (agr\u00edcola y ganadera) aument\u00f3 2.1 por ciento, en el trimestre de referencia.<\/p>\n<p>En julio-septiembre de este a\u00f1o y con respecto al trimestre anterior, el costo unitario de la mano de obra en los establecimientos manufactureros disminuy\u00f3 1.5 por ciento. En las empresas de comercio al por mayor aument\u00f3 0.2 por ciento; en las constructoras, 0.4 por ciento; en las de servicios privados no financieros, 0.6 por ciento y en las de comercio al por menor, 1.4 por ciento con datos ajustados por estacionalidad.<\/p>\n","protected":false},"excerpt":{"rendered":"<p>La productividad laboral de la econom\u00eda de M\u00e9xico, la cual mide la eficiencia de una persona, de un equipo o<\/p>\n","protected":false},"author":4,"featured_media":45638,"comment_status":"closed","ping_status":"closed","sticky":false,"template":"","format":"standard","meta":{"colormag_page_container_layout":"default_layout","colormag_page_sidebar_layout":"default_layout","_jetpack_memberships_contains_paid_content":false,"footnotes":"","jetpack_publicize_message":"","jetpack_publicize_feature_enabled":true,"jetpack_social_post_already_shared":true,"jetpack_social_options":{"image_generator_settings":{"template":"highway","default_image_id":0,"font":"","enabled":false},"version":2}},"categories":[1947],"tags":[],"class_list":["post-45637","post","type-post","status-publish","format-standard","has-post-thumbnail","hentry","category-economia"],"jetpack_publicize_connections":[],"jetpack_featured_media_url":"https:\/\/noticiasveracruz.com\/wp-content\/uploads\/2024\/12\/productividad-laboral.jpg","jetpack_sharing_enabled":true,"publishpress_future_action":{"enabled":false,"date":"2026-05-10 09:39:42","action":"change-status","newStatus":"draft","terms":[],"taxonomy":"category","extraData":[]},"publishpress_future_workflow_manual_trigger":{"enabledWorkflows":[]},"_links":{"self":[{"href":"https:\/\/noticiasveracruz.com\/index.php\/wp-json\/wp\/v2\/posts\/45637","targetHints":{"allow":["GET"]}}],"collection":[{"href":"https:\/\/noticiasveracruz.com\/index.php\/wp-json\/wp\/v2\/posts"}],"about":[{"href":"https:\/\/noticiasveracruz.com\/index.php\/wp-json\/wp\/v2\/types\/post"}],"author":[{"embeddable":true,"href":"https:\/\/noticiasveracruz.com\/index.php\/wp-json\/wp\/v2\/users\/4"}],"replies":[{"embeddable":true,"href":"https:\/\/noticiasveracruz.com\/index.php\/wp-json\/wp\/v2\/comments?post=45637"}],"version-history":[{"count":0,"href":"https:\/\/noticiasveracruz.com\/index.php\/wp-json\/wp\/v2\/posts\/45637\/revisions"}],"wp:featuredmedia":[{"embeddable":true,"href":"https:\/\/noticiasveracruz.com\/index.php\/wp-json\/wp\/v2\/media\/45638"}],"wp:attachment":[{"href":"https:\/\/noticiasveracruz.com\/index.php\/wp-json\/wp\/v2\/media?parent=45637"}],"wp:term":[{"taxonomy":"category","embeddable":true,"href":"https:\/\/noticiasveracruz.com\/index.php\/wp-json\/wp\/v2\/categories?post=45637"},{"taxonomy":"post_tag","embeddable":true,"href":"https:\/\/noticiasveracruz.com\/index.php\/wp-json\/wp\/v2\/tags?post=45637"}],"curies":[{"name":"wp","href":"https:\/\/api.w.org\/{rel}","templated":true}]}}