{"id":45634,"date":"2024-12-10T00:49:42","date_gmt":"2024-12-10T06:49:42","guid":{"rendered":"https:\/\/noticiasveracruz.com\/?p=45634"},"modified":"2024-12-10T00:49:42","modified_gmt":"2024-12-10T06:49:42","slug":"impulsara-unam-proceso-de-reforma-institucional","status":"publish","type":"post","link":"https:\/\/noticiasveracruz.com\/index.php\/2024\/12\/10\/impulsara-unam-proceso-de-reforma-institucional\/","title":{"rendered":"Impulsar\u00e1 UNAM proceso de reforma institucional"},"content":{"rendered":"<p class=\"western\">La Universidad Nacional Aut\u00f3noma de M\u00e9xico (UNAM) impulsar\u00e1 un proceso de reforma institucional para seguir a la vanguardia y formar una ciudadan\u00eda m\u00e1s comprometida, m\u00e1s informada y demandante, que hace mucha falta en nuestro pa\u00eds, afirm\u00f3 el rector Leonardo Lomel\u00ed Vanegas.<\/p>\n<p class=\"western\">Al instalar el Consejo Asesor de la Coordinaci\u00f3n de Reforma Institucional y Prospectiva Universitaria, sostuvo que con esta reforma ratifican la voluntad de seguir a la vanguardia de las transformaciones nacionales, \u00abde estar a la altura de los retos que enfrentamos y de perseverar en su forma particular de democracia, que es a trav\u00e9s de la deliberaci\u00f3n, la reflexi\u00f3n, la discusi\u00f3n informada desde sus cuerpos colegiados\u201d, asever\u00f3 Lomel\u00ed Vanegas.<\/p>\n<p class=\"western\">Acompa\u00f1ado por la secretaria general, Patricia Dolores D\u00e1vila Aranda; y el coordinador de Reforma Institucional y Prospectiva Universitaria, Hugo Casanova, el rector enfatiz\u00f3 que los procesos de cambio son necesarios por el avance mismo del conocimiento, de los cambios cient\u00edficos y tecnol\u00f3gicos, por las transformaciones sociales y la exigencia de estar preparados para enfrentar nuevos retos.<\/p>\n<p class=\"western\">Implica tambi\u00e9n adecuar el marco normativo ante vac\u00edos institucionales y abordar temas como el vertiginoso desarrollo de la inteligencia artificial.<\/p>\n<p class=\"western\">El Consejo Asesor de la Coordinaci\u00f3n de Reforma Institucional y Prospectiva Universitaria est\u00e1 integrado por: Gina Zabludovsky Kuper, acad\u00e9mica de la Facultad de Ciencias Pol\u00edticas y Sociales; Denisse Cejudo Ramos, investigadora del Instituto de Investigaciones sobre la Universidad y la Educaci\u00f3n (IISUE); Silvia Torres Castilleja, investigadora em\u00e9rita del Instituto de Astronom\u00eda; as\u00ed como Carlos Ar\u00e1mburo de la Hoz, acad\u00e9mico del Instituto de Neurobiolog\u00eda.<\/p>\n<p class=\"western\">Leonardo Lomel\u00ed dijo que tambi\u00e9n son parte de este Consejo la secretaria General, Patricia Dolores D\u00e1vila Aranda; la titular de la Secretar\u00eda de Desarrollo Institucional, Tamara Mart\u00ednez Ru\u00edz; el secretario Administrativo, Tom\u00e1s Humberto Rubio P\u00e9rez; el titular de la Oficina de la Abogac\u00eda General, Hugo Concha Cant\u00fa; y el coordinador general de Planeaci\u00f3n y Simplificaci\u00f3n de la Gesti\u00f3n Institucional, Enrique del Val Blanco.<\/p>\n<p class=\"western\">Tambi\u00e9n detall\u00f3 que la reforma institucional ser\u00e1 encauzada por esa Coordinaci\u00f3n -como \u00f3rgano de consulta para promover el estudio y an\u00e1lisis de los proyectos de transformaci\u00f3n- y por los diversos cuerpos colegiados de esta casa de estudios.<\/p>\n<p class=\"western\">Previamente, Hugo Casanova precis\u00f3 que pensar la universidad del siglo 21 es una tarea de creciente complejidad. Las altas responsabilidades de las instituciones de educaci\u00f3n superior, as\u00ed como las profundas interacciones que les plantea su entorno, suponen importantes retos tanto para su praxis como para su an\u00e1lisis y comprensi\u00f3n.<\/p>\n<p class=\"western\">Record\u00f3 que, a partir de la d\u00e9cada de los 40, con la formalizaci\u00f3n de la Ley Org\u00e1nica de 1944 se sentaron las bases de la estabilidad y desarrollo de esta casa de estudios, y las estructuras de organizaci\u00f3n y gesti\u00f3n acad\u00e9mica. Sin embargo, la Universidad ha cambiado cuantitativa y cualitativamente y su contexto nacional e internacional son totalmente distintas a ese entonces.<\/p>\n<p class=\"western\">Puntualiz\u00f3 que algunas de las caracter\u00edsticas de la reforma que se plantean son ser integral, que aborde los distintos \u00e1ngulos de la vida universitaria: la institucional, la acad\u00e9mica y lo jur\u00eddico-administrativo. Ser acad\u00e9mica, porque se funda en el saber, en los mecanismos esenciales del quehacer universitario y sus principios de libertad de c\u00e1tedra e investigaci\u00f3n.<\/p>\n<p class=\"western\">Adem\u00e1s ser inclusiva, democratizante, plural, progresiva y prospectiva, ya que se orienta hacia el futuro en horizontes de mediano y largo plazo, entre otros.<\/p>\n<p class=\"western\">En nombre de los integrantes del Consejo Asesor, la investigadora del IISUE, Denisse Cejudo, destac\u00f3 que la Universidad, como entidad hist\u00f3rica, tiene la responsabilidad de pensarse en su tiempo, para responder a los desaf\u00edos y a las demandas del presente. En ese sentido, esta casa de estudios se ha consolidado a partir del cambio, de la divergencia de opiniones y de revisi\u00f3n de sentidos comunes.<\/p>\n","protected":false},"excerpt":{"rendered":"<p>La Universidad Nacional Aut\u00f3noma de M\u00e9xico (UNAM) impulsar\u00e1 un proceso de reforma institucional para seguir a la vanguardia y formar<\/p>\n","protected":false},"author":4,"featured_media":45635,"comment_status":"closed","ping_status":"closed","sticky":false,"template":"","format":"standard","meta":{"colormag_page_container_layout":"default_layout","colormag_page_sidebar_layout":"default_layout","_jetpack_memberships_contains_paid_content":false,"footnotes":"","jetpack_publicize_message":"","jetpack_publicize_feature_enabled":true,"jetpack_social_post_already_shared":true,"jetpack_social_options":{"image_generator_settings":{"template":"highway","default_image_id":0,"font":"","enabled":false},"version":2}},"categories":[4],"tags":[],"class_list":["post-45634","post","type-post","status-publish","format-standard","has-post-thumbnail","hentry","category-nacional"],"jetpack_publicize_connections":[],"jetpack_featured_media_url":"https:\/\/noticiasveracruz.com\/wp-content\/uploads\/2024\/12\/unam.cu_.jpg","jetpack_sharing_enabled":true,"publishpress_future_action":{"enabled":false,"date":"2026-05-10 10:42:33","action":"change-status","newStatus":"draft","terms":[],"taxonomy":"category","extraData":[]},"publishpress_future_workflow_manual_trigger":{"enabledWorkflows":[]},"_links":{"self":[{"href":"https:\/\/noticiasveracruz.com\/index.php\/wp-json\/wp\/v2\/posts\/45634","targetHints":{"allow":["GET"]}}],"collection":[{"href":"https:\/\/noticiasveracruz.com\/index.php\/wp-json\/wp\/v2\/posts"}],"about":[{"href":"https:\/\/noticiasveracruz.com\/index.php\/wp-json\/wp\/v2\/types\/post"}],"author":[{"embeddable":true,"href":"https:\/\/noticiasveracruz.com\/index.php\/wp-json\/wp\/v2\/users\/4"}],"replies":[{"embeddable":true,"href":"https:\/\/noticiasveracruz.com\/index.php\/wp-json\/wp\/v2\/comments?post=45634"}],"version-history":[{"count":0,"href":"https:\/\/noticiasveracruz.com\/index.php\/wp-json\/wp\/v2\/posts\/45634\/revisions"}],"wp:featuredmedia":[{"embeddable":true,"href":"https:\/\/noticiasveracruz.com\/index.php\/wp-json\/wp\/v2\/media\/45635"}],"wp:attachment":[{"href":"https:\/\/noticiasveracruz.com\/index.php\/wp-json\/wp\/v2\/media?parent=45634"}],"wp:term":[{"taxonomy":"category","embeddable":true,"href":"https:\/\/noticiasveracruz.com\/index.php\/wp-json\/wp\/v2\/categories?post=45634"},{"taxonomy":"post_tag","embeddable":true,"href":"https:\/\/noticiasveracruz.com\/index.php\/wp-json\/wp\/v2\/tags?post=45634"}],"curies":[{"name":"wp","href":"https:\/\/api.w.org\/{rel}","templated":true}]}}